{"id":1424,"date":"2017-05-14T16:02:00","date_gmt":"2017-05-14T14:02:00","guid":{"rendered":"http:\/\/sac-homberg.ch\/wordpress\/?p=1424"},"modified":"2017-05-14T16:02:00","modified_gmt":"2017-05-14T14:02:00","slug":"fahrradtour-vierkantonerundfahrt","status":"publish","type":"post","link":"https:\/\/sac-homberg.ch\/wordpress\/2017\/05\/fahrradtour-vierkantonerundfahrt\/","title":{"rendered":"Fahrradtour &#8222;Vierkantonerundfahrt&#8220;"},"content":{"rendered":"<p>vom 9. Mai 2017<\/p>\n<p>Bei aufgehellter Witterung nahmen 13 fahrradbegeisterte Seniorinnen und Senioren um 09.00 Uhr sowie die Catering und Partyservicemannschaft Boss mit zwei Gehilfen die diesj\u00e4hrige, 36 Km messende Rundfahrt beim Bad in Rothrist in Angriff. Im Caf\u00e9 Bijou, Rothrist, wartete ein heisser Kaffee mit Gipfeli auf die Teilnehmenden.<\/p>\n<p><!--more-->Anschliessend wurde es ernst. Fahrt zum Kraftwerk Rupoldingen &#8211; weiter nach Boningen &#8211; durch die durch stillgelegten Kiesgruben entstandene Naturlandschaft nach Fulenbach &#8211; Murgenthal &#8211; St. Urban &#8211; Pfaffnau &#8211; zum Mittagsrastplatz beim Hornussersportplatz des Clubs M\u00e4ttenwil\/Brittnau. Das heimelige Klublokal wurde von der Partyservicemannschaft wie immer sehr vorbildlich zum Verweilen vorbereitet. Wegen der Bise waren wir froh, das Essen im warmen St\u00fcbli eingenommen werden konnte.<\/p>\n<p>Nach der St\u00e4rkung f\u00fchrte restliche Strecke \u00fcber Vordemwald zur\u00fcck zum Ausgangspunkt Badi Rothrist.<\/p>\n<p>Allen Teilnehmden danke ich f\u00fcr die tolle Kameradschaft und Disziplin. So konnte die diesj\u00e4hrige Fr\u00fchlingsfahrt in herrlicher Landschaft unfallfrei abgewickelt werden. Einen besonderen Dank gilt Lilli Boss mit ihren beiden Gehilfen Kurt Bolliger und Hans-Edy Meier, Oski Hintermann f\u00fcr die Organisation des Velotransportes, sowie Walter Knobel f\u00fcr seine sehr interessanten Ausf\u00fchrungen zur Funktion des Rotkanales und zum geschichlichen Hintergrund der Klosteranlage St. Urban.<\/p>\n<p>Noch eine Kleinigkeit zum Wetter. Die bis zur Tour herrschende, mehrheitlich nasse und kalte \u00a0Witterung, f\u00fchrte lange zu Unsicherheiten \u00fcber die programmgem\u00e4sse Durchf\u00fchrung der Fahrt. Das Festhalten am Durchf\u00fchrungsentscheid hatte sich gelohnt. Es war trocken und die Sonne begleitete uns \u00fcber l\u00e4ngere Zeit. Einzig der Schlussabschnitt musste wegen schlechten Strassenverh\u00e4ltnissen um 5 Km gek\u00fcrzt werden und die Bise st\u00f6rte ein wenig.<\/p>\n<p>Der Tourenleiter<br \/>\nHans Suter<\/p>\n","protected":false},"excerpt":{"rendered":"<p>vom 9. Mai 2017 Bei aufgehellter Witterung nahmen 13 fahrradbegeisterte Seniorinnen und Senioren um 09.00 Uhr sowie die Catering und Partyservicemannschaft Boss mit zwei Gehilfen die diesj\u00e4hrige, 36 Km messende Rundfahrt beim Bad in Rothrist in Angriff. Im Caf\u00e9 Bijou, Rothrist, wartete ein heisser Kaffee mit Gipfeli auf die Teilnehmenden.<\/p>\n","protected":false},"author":1,"featured_media":0,"comment_status":"open","ping_status":"open","sticky":false,"template":"","format":"standard","meta":{"_monsterinsights_skip_tracking":false,"_monsterinsights_sitenote_active":false,"_monsterinsights_sitenote_note":"","_monsterinsights_sitenote_category":0,"jetpack_post_was_ever_published":false,"_jetpack_newsletter_access":"","_jetpack_dont_email_post_to_subs":false,"_jetpack_newsletter_tier_id":0,"_jetpack_memberships_contains_paywalled_content":false,"_jetpack_memberships_contains_paid_content":false,"footnotes":"","jetpack_publicize_message":"","jetpack_publicize_feature_enabled":true,"jetpack_social_post_already_shared":true,"jetpack_social_options":{"image_generator_settings":{"template":"highway","default_image_id":0,"font":"","enabled":false},"version":2}},"categories":[1],"tags":[],"class_list":["post-1424","post","type-post","status-publish","format-standard","hentry","category-uncategorized"],"jetpack_publicize_connections":[],"jetpack_featured_media_url":"","jetpack_shortlink":"https:\/\/wp.me\/p772lX-mY","jetpack_sharing_enabled":true,"_links":{"self":[{"href":"https:\/\/sac-homberg.ch\/wordpress\/wp-json\/wp\/v2\/posts\/1424","targetHints":{"allow":["GET"]}}],"collection":[{"href":"https:\/\/sac-homberg.ch\/wordpress\/wp-json\/wp\/v2\/posts"}],"about":[{"href":"https:\/\/sac-homberg.ch\/wordpress\/wp-json\/wp\/v2\/types\/post"}],"author":[{"embeddable":true,"href":"https:\/\/sac-homberg.ch\/wordpress\/wp-json\/wp\/v2\/users\/1"}],"replies":[{"embeddable":true,"href":"https:\/\/sac-homberg.ch\/wordpress\/wp-json\/wp\/v2\/comments?post=1424"}],"version-history":[{"count":2,"href":"https:\/\/sac-homberg.ch\/wordpress\/wp-json\/wp\/v2\/posts\/1424\/revisions"}],"predecessor-version":[{"id":1426,"href":"https:\/\/sac-homberg.ch\/wordpress\/wp-json\/wp\/v2\/posts\/1424\/revisions\/1426"}],"wp:attachment":[{"href":"https:\/\/sac-homberg.ch\/wordpress\/wp-json\/wp\/v2\/media?parent=1424"}],"wp:term":[{"taxonomy":"category","embeddable":true,"href":"https:\/\/sac-homberg.ch\/wordpress\/wp-json\/wp\/v2\/categories?post=1424"},{"taxonomy":"post_tag","embeddable":true,"href":"https:\/\/sac-homberg.ch\/wordpress\/wp-json\/wp\/v2\/tags?post=1424"}],"curies":[{"name":"wp","href":"https:\/\/api.w.org\/{rel}","templated":true}]}}