{"id":3868,"date":"2019-09-14T19:15:14","date_gmt":"2019-09-14T17:15:14","guid":{"rendered":"http:\/\/sac-homberg.ch\/wordpress\/?p=3868"},"modified":"2019-09-24T19:15:42","modified_gmt":"2019-09-24T17:15:42","slug":"hochtour-vrenelisgaertli","status":"publish","type":"post","link":"https:\/\/sac-homberg.ch\/wordpress\/2019\/09\/hochtour-vrenelisgaertli\/","title":{"rendered":"Hochtour Vrenelisg\u00e4rtli"},"content":{"rendered":"\n<p>vom 14.\/15. September\n2019<\/p>\n\n\n\n<p>Tourenleiter (5):\nMarco Stadelmann, Nils Stolp, Fabiola Heynen, Kyra Stolp, Marcel Rey<\/p>\n\n\n\n<p>Teilnehmer (14):\nChristoph Erismann, Jonas Schmid, Livia Dumont, Sarina Schmid, Silvan Rossau,\nLivia Iadanza, Manuel Zurbuchen, Ruben Suda, Selina Hirt, Isabel Erismann,\nLarissa Berner, Yanick Schneider, Ilona Rossau, Lilian Durer<\/p>\n\n\n\n<h4 class=\"wp-block-heading\">Etappe 1: Kl\u00f6ntalersee\n(848 m \u00fc. M) bis Gl\u00e4rnischh\u00fctte (1990 m \u00fc. M.)<\/h4>\n\n\n\n<figure class=\"wp-block-image\"><img loading=\"lazy\" decoding=\"async\" width=\"1919\" height=\"1440\" src=\"https:\/\/i0.wp.com\/sac-homberg.ch\/wordpress\/wp-content\/uploads\/2019\/09\/01.jpeg?fit=604%2C453&amp;ssl=1\" alt=\"\" class=\"wp-image-3869\" srcset=\"https:\/\/i0.wp.com\/sac-homberg.ch\/wordpress\/wp-content\/uploads\/2019\/09\/01.jpeg?w=1919&amp;ssl=1 1919w, https:\/\/i0.wp.com\/sac-homberg.ch\/wordpress\/wp-content\/uploads\/2019\/09\/01.jpeg?resize=300%2C225&amp;ssl=1 300w, https:\/\/i0.wp.com\/sac-homberg.ch\/wordpress\/wp-content\/uploads\/2019\/09\/01.jpeg?resize=768%2C576&amp;ssl=1 768w, https:\/\/i0.wp.com\/sac-homberg.ch\/wordpress\/wp-content\/uploads\/2019\/09\/01.jpeg?resize=1024%2C768&amp;ssl=1 1024w, https:\/\/i0.wp.com\/sac-homberg.ch\/wordpress\/wp-content\/uploads\/2019\/09\/01.jpeg?resize=800%2C600&amp;ssl=1 800w, https:\/\/i0.wp.com\/sac-homberg.ch\/wordpress\/wp-content\/uploads\/2019\/09\/01.jpeg?w=1208&amp;ssl=1 1208w, https:\/\/i0.wp.com\/sac-homberg.ch\/wordpress\/wp-content\/uploads\/2019\/09\/01.jpeg?w=1812&amp;ssl=1 1812w\" sizes=\"auto, (max-width: 604px) 100vw, 604px\" \/><\/figure>\n\n\n\n<!--more-->\n\n\n\n<p>Nach einer\neineinhalbst\u00fcndigen Fahrt kamen wir im Kl\u00f6ntal (Kanton Glarus) an.\nAnschliessend an die Begr\u00fcssung begann die Materialschlacht, da unter den 19\nTeilnehmern auch einige neue Gesichter waren, die mit Steigeisen, Pickel, Helm\netc. ausgestattet werden mussten. Kurze Zeit sp\u00e4ter marschierten wir bei\nidealem Wetter los in Richtung \u00abGl\u00e4rnischh\u00fctte\u00bb. Ungef\u00e4hr dreieinhalb Stunden\nsp\u00e4ter trafen alle auf der SAC-H\u00fctte ein. Dort hatten wir Zeit, uns zu st\u00e4rken\nund die wundersch\u00f6ne Aussicht zu geniessen. Mit Energie geladen und motiviert\nstellten wir uns dem zweiten Tagesziel, der Ausbildung. F\u00fcr Einige war das\nrichtige Abseilen und weitere grundlegende Aktivit\u00e4ten am Seil Repetition.\nDiese Teilnehmer konnten ihr Wissen festigen und die weniger erfahrenen\nTeilnehmer unterst\u00fctzen.<\/p>\n\n\n\n<p>Nach dieser\nsicherheitstechnisch wertvollen Grundausbildung genossen wir die letzten\nSonnenstrahlen des Tages und alle freuten sich auf das Znacht. Der\ngesellschaftliche Teil kam definitiv nicht zu kurz. Wir verbrachten den Abend\nmit lustigen Spielen wie UNO, Halli-Galli oder dem traditionellen Jass und alle\ngenossen die Zeit ohne Handyempfang.<\/p>\n\n\n\n<h4 class=\"wp-block-heading\">Etappe 2:\nGl\u00e4rnischh\u00fctte (1990 m \u00fc. M.) bis Vrenelisg\u00e4rtli (2904 m \u00fc. M), Abstieg bis\nKl\u00f6ntalersee (848 m \u00fc. M.)<\/h4>\n\n\n\n<p>Um 5:30 Uhr machten\nwir uns ausger\u00fcstet mit Stirnlampen auf den Weg f\u00fcr den Aufstieg. Schon bald\nkamen wir beim Gletscher an, welchen wir mit Steigeisen und in Seilschaften\ntraversierten. Im Anschluss an diese Gletscher\u00fcberquerung seilten wir uns ab,\num dann die restliche Strecke dem Grat entlang auf uns zu nehmen. Unser Ziel\nhatten wir stets im Visier. Die letzten paar Meter mussten wir noch ein wenig\nklettern. Auf dem Gipfel angekommen genossen wir die atemberaubende Aussicht\nund die Sonnenstrahlen. Nach einer kurzen Erholungs- und St\u00e4rkungspause begaben\nwir uns wieder auf den Abstieg. Wir gingen die gleiche Route zur\u00fcck bis zur\nGl\u00e4rnischh\u00fctte, wo wir unser restliches Material abholten. Die \u00fcber 2000 Meter\nH\u00f6hendifferenz, die wir beim Abstieg zur\u00fccklegten, machten sich gegen Ende doch\nbei einigen bemerkbar. Gegen 16 Uhr kamen alle m\u00fcde aber zufrieden beim\nKl\u00f6ntalersee an. Das Wettergl\u00fcck hielt bis zum Schluss an. Die Tour war auch\nf\u00fcr die Einsteiger und potentiellen Neumitglieder des SAC gut machbar und alle\nhatten eine Menge Spass. Wir freuen uns auf die n\u00e4chste Hochtour!<\/p>\n\n\n\n<p>Isabel<\/p>\n\n\n\n<ul class=\"wp-block-gallery columns-3 is-cropped wp-block-gallery-1 is-layout-flex wp-block-gallery-is-layout-flex\"><li class=\"blocks-gallery-item\"><figure><a href=\"https:\/\/i0.wp.com\/sac-homberg.ch\/wordpress\/wp-content\/uploads\/2019\/09\/02.jpeg?fit=604%2C674&amp;ssl=1\"><img loading=\"lazy\" decoding=\"async\" width=\"918\" height=\"1024\" src=\"https:\/\/i0.wp.com\/sac-homberg.ch\/wordpress\/wp-content\/uploads\/2019\/09\/02.jpeg?fit=604%2C674&amp;ssl=1\" alt=\"\" data-id=\"3870\" data-link=\"https:\/\/sac-homberg.ch\/wordpress\/?attachment_id=3870\" class=\"wp-image-3870\" srcset=\"https:\/\/i0.wp.com\/sac-homberg.ch\/wordpress\/wp-content\/uploads\/2019\/09\/02.jpeg?w=918&amp;ssl=1 918w, https:\/\/i0.wp.com\/sac-homberg.ch\/wordpress\/wp-content\/uploads\/2019\/09\/02.jpeg?resize=269%2C300&amp;ssl=1 269w, https:\/\/i0.wp.com\/sac-homberg.ch\/wordpress\/wp-content\/uploads\/2019\/09\/02.jpeg?resize=768%2C857&amp;ssl=1 768w, https:\/\/i0.wp.com\/sac-homberg.ch\/wordpress\/wp-content\/uploads\/2019\/09\/02.jpeg?resize=800%2C892&amp;ssl=1 800w, https:\/\/i0.wp.com\/sac-homberg.ch\/wordpress\/wp-content\/uploads\/2019\/09\/02.jpeg?resize=717%2C800&amp;ssl=1 717w\" sizes=\"auto, (max-width: 604px) 100vw, 604px\" \/><\/a><\/figure><\/li><li class=\"blocks-gallery-item\"><figure><a href=\"https:\/\/i0.wp.com\/sac-homberg.ch\/wordpress\/wp-content\/uploads\/2019\/09\/03.jpeg?fit=604%2C805&amp;ssl=1\"><img loading=\"lazy\" decoding=\"async\" width=\"1440\" height=\"1920\" src=\"https:\/\/i0.wp.com\/sac-homberg.ch\/wordpress\/wp-content\/uploads\/2019\/09\/03.jpeg?fit=604%2C805&amp;ssl=1\" alt=\"\" data-id=\"3871\" data-link=\"https:\/\/sac-homberg.ch\/wordpress\/?attachment_id=3871\" class=\"wp-image-3871\" srcset=\"https:\/\/i0.wp.com\/sac-homberg.ch\/wordpress\/wp-content\/uploads\/2019\/09\/03.jpeg?w=1440&amp;ssl=1 1440w, https:\/\/i0.wp.com\/sac-homberg.ch\/wordpress\/wp-content\/uploads\/2019\/09\/03.jpeg?resize=225%2C300&amp;ssl=1 225w, https:\/\/i0.wp.com\/sac-homberg.ch\/wordpress\/wp-content\/uploads\/2019\/09\/03.jpeg?resize=768%2C1024&amp;ssl=1 768w, https:\/\/i0.wp.com\/sac-homberg.ch\/wordpress\/wp-content\/uploads\/2019\/09\/03.jpeg?resize=800%2C1067&amp;ssl=1 800w, https:\/\/i0.wp.com\/sac-homberg.ch\/wordpress\/wp-content\/uploads\/2019\/09\/03.jpeg?resize=600%2C800&amp;ssl=1 600w, https:\/\/i0.wp.com\/sac-homberg.ch\/wordpress\/wp-content\/uploads\/2019\/09\/03.jpeg?w=1208&amp;ssl=1 1208w\" sizes=\"auto, (max-width: 604px) 100vw, 604px\" \/><\/a><\/figure><\/li><li class=\"blocks-gallery-item\"><figure><a href=\"https:\/\/i1.wp.com\/sac-homberg.ch\/wordpress\/wp-content\/uploads\/2019\/09\/04.jpeg?fit=604%2C805&amp;ssl=1\"><img loading=\"lazy\" decoding=\"async\" width=\"768\" height=\"1024\" src=\"https:\/\/i1.wp.com\/sac-homberg.ch\/wordpress\/wp-content\/uploads\/2019\/09\/04.jpeg?fit=604%2C805&amp;ssl=1\" alt=\"\" data-id=\"3872\" data-link=\"https:\/\/sac-homberg.ch\/wordpress\/?attachment_id=3872\" class=\"wp-image-3872\" srcset=\"https:\/\/i0.wp.com\/sac-homberg.ch\/wordpress\/wp-content\/uploads\/2019\/09\/04.jpeg?w=768&amp;ssl=1 768w, https:\/\/i0.wp.com\/sac-homberg.ch\/wordpress\/wp-content\/uploads\/2019\/09\/04.jpeg?resize=225%2C300&amp;ssl=1 225w, https:\/\/i0.wp.com\/sac-homberg.ch\/wordpress\/wp-content\/uploads\/2019\/09\/04.jpeg?resize=600%2C800&amp;ssl=1 600w\" sizes=\"auto, (max-width: 604px) 100vw, 604px\" \/><\/a><\/figure><\/li><li class=\"blocks-gallery-item\"><figure><a href=\"https:\/\/i0.wp.com\/sac-homberg.ch\/wordpress\/wp-content\/uploads\/2019\/09\/05.jpeg?fit=604%2C453&amp;ssl=1\"><img loading=\"lazy\" decoding=\"async\" width=\"1919\" height=\"1440\" src=\"https:\/\/i0.wp.com\/sac-homberg.ch\/wordpress\/wp-content\/uploads\/2019\/09\/05.jpeg?fit=604%2C453&amp;ssl=1\" alt=\"\" data-id=\"3873\" data-link=\"https:\/\/sac-homberg.ch\/wordpress\/?attachment_id=3873\" class=\"wp-image-3873\" srcset=\"https:\/\/i0.wp.com\/sac-homberg.ch\/wordpress\/wp-content\/uploads\/2019\/09\/05.jpeg?w=1919&amp;ssl=1 1919w, https:\/\/i0.wp.com\/sac-homberg.ch\/wordpress\/wp-content\/uploads\/2019\/09\/05.jpeg?resize=300%2C225&amp;ssl=1 300w, https:\/\/i0.wp.com\/sac-homberg.ch\/wordpress\/wp-content\/uploads\/2019\/09\/05.jpeg?resize=768%2C576&amp;ssl=1 768w, https:\/\/i0.wp.com\/sac-homberg.ch\/wordpress\/wp-content\/uploads\/2019\/09\/05.jpeg?resize=1024%2C768&amp;ssl=1 1024w, https:\/\/i0.wp.com\/sac-homberg.ch\/wordpress\/wp-content\/uploads\/2019\/09\/05.jpeg?resize=800%2C600&amp;ssl=1 800w, https:\/\/i0.wp.com\/sac-homberg.ch\/wordpress\/wp-content\/uploads\/2019\/09\/05.jpeg?w=1200&amp;ssl=1 1200w, https:\/\/i0.wp.com\/sac-homberg.ch\/wordpress\/wp-content\/uploads\/2019\/09\/05.jpeg?w=1812&amp;ssl=1 1812w\" sizes=\"auto, (max-width: 604px) 100vw, 604px\" \/><\/a><\/figure><\/li><li class=\"blocks-gallery-item\"><figure><a href=\"https:\/\/i2.wp.com\/sac-homberg.ch\/wordpress\/wp-content\/uploads\/2019\/09\/06.jpeg?fit=604%2C805&amp;ssl=1\"><img loading=\"lazy\" decoding=\"async\" width=\"768\" height=\"1024\" src=\"https:\/\/i2.wp.com\/sac-homberg.ch\/wordpress\/wp-content\/uploads\/2019\/09\/06.jpeg?fit=604%2C805&amp;ssl=1\" alt=\"\" data-id=\"3874\" data-link=\"https:\/\/sac-homberg.ch\/wordpress\/?attachment_id=3874\" class=\"wp-image-3874\" srcset=\"https:\/\/i0.wp.com\/sac-homberg.ch\/wordpress\/wp-content\/uploads\/2019\/09\/06.jpeg?w=768&amp;ssl=1 768w, https:\/\/i0.wp.com\/sac-homberg.ch\/wordpress\/wp-content\/uploads\/2019\/09\/06.jpeg?resize=225%2C300&amp;ssl=1 225w, https:\/\/i0.wp.com\/sac-homberg.ch\/wordpress\/wp-content\/uploads\/2019\/09\/06.jpeg?resize=600%2C800&amp;ssl=1 600w\" sizes=\"auto, (max-width: 604px) 100vw, 604px\" \/><\/a><\/figure><\/li><\/ul>\n","protected":false},"excerpt":{"rendered":"<p>vom 14.\/15. September 2019 Tourenleiter (5): Marco Stadelmann, Nils Stolp, Fabiola Heynen, Kyra Stolp, Marcel Rey Teilnehmer (14): Christoph Erismann, Jonas Schmid, Livia Dumont, Sarina Schmid, Silvan Rossau, Livia Iadanza, Manuel Zurbuchen, Ruben Suda, Selina Hirt, Isabel Erismann, Larissa Berner, Yanick Schneider, Ilona Rossau, Lilian Durer Etappe 1: Kl\u00f6ntalersee (848 m \u00fc. M) bis Gl\u00e4rnischh\u00fctte &hellip; <a href=\"https:\/\/sac-homberg.ch\/wordpress\/2019\/09\/hochtour-vrenelisgaertli\/\" class=\"more-link\"><span class=\"screen-reader-text\">Hochtour Vrenelisg\u00e4rtli<\/span> weiterlesen <span class=\"meta-nav\">&rarr;<\/span><\/a><\/p>\n","protected":false},"author":1,"featured_media":3872,"comment_status":"open","ping_status":"open","sticky":false,"template":"","format":"standard","meta":{"_monsterinsights_skip_tracking":false,"_monsterinsights_sitenote_active":false,"_monsterinsights_sitenote_note":"","_monsterinsights_sitenote_category":0,"jetpack_post_was_ever_published":false,"_jetpack_newsletter_access":"","_jetpack_dont_email_post_to_subs":false,"_jetpack_newsletter_tier_id":0,"_jetpack_memberships_contains_paywalled_content":false,"_jetpack_memberships_contains_paid_content":false,"footnotes":"","jetpack_publicize_message":"Die JO wagte sich aufs Vrenelisg\u00e4rtli im Glarnerland.","jetpack_publicize_feature_enabled":true,"jetpack_social_post_already_shared":true,"jetpack_social_options":{"image_generator_settings":{"template":"highway","default_image_id":0,"font":"","enabled":false},"version":2}},"categories":[80,29],"tags":[231,290,37,289],"class_list":["post-3868","post","type-post","status-publish","format-standard","has-post-thumbnail","hentry","category-herbst","category-tourenberichtjo","tag-231","tag-glarnerland","tag-hochtour","tag-vrenelisgaertli"],"jetpack_publicize_connections":[],"jetpack_featured_media_url":"https:\/\/i0.wp.com\/sac-homberg.ch\/wordpress\/wp-content\/uploads\/2019\/09\/04.jpeg?fit=768%2C1024&ssl=1","jetpack_shortlink":"https:\/\/wp.me\/p772lX-10o","jetpack_sharing_enabled":true,"_links":{"self":[{"href":"https:\/\/sac-homberg.ch\/wordpress\/wp-json\/wp\/v2\/posts\/3868","targetHints":{"allow":["GET"]}}],"collection":[{"href":"https:\/\/sac-homberg.ch\/wordpress\/wp-json\/wp\/v2\/posts"}],"about":[{"href":"https:\/\/sac-homberg.ch\/wordpress\/wp-json\/wp\/v2\/types\/post"}],"author":[{"embeddable":true,"href":"https:\/\/sac-homberg.ch\/wordpress\/wp-json\/wp\/v2\/users\/1"}],"replies":[{"embeddable":true,"href":"https:\/\/sac-homberg.ch\/wordpress\/wp-json\/wp\/v2\/comments?post=3868"}],"version-history":[{"count":1,"href":"https:\/\/sac-homberg.ch\/wordpress\/wp-json\/wp\/v2\/posts\/3868\/revisions"}],"predecessor-version":[{"id":3875,"href":"https:\/\/sac-homberg.ch\/wordpress\/wp-json\/wp\/v2\/posts\/3868\/revisions\/3875"}],"wp:featuredmedia":[{"embeddable":true,"href":"https:\/\/sac-homberg.ch\/wordpress\/wp-json\/wp\/v2\/media\/3872"}],"wp:attachment":[{"href":"https:\/\/sac-homberg.ch\/wordpress\/wp-json\/wp\/v2\/media?parent=3868"}],"wp:term":[{"taxonomy":"category","embeddable":true,"href":"https:\/\/sac-homberg.ch\/wordpress\/wp-json\/wp\/v2\/categories?post=3868"},{"taxonomy":"post_tag","embeddable":true,"href":"https:\/\/sac-homberg.ch\/wordpress\/wp-json\/wp\/v2\/tags?post=3868"}],"curies":[{"name":"wp","href":"https:\/\/api.w.org\/{rel}","templated":true}]}}