{"id":4036,"date":"2020-01-11T18:00:00","date_gmt":"2020-01-11T17:00:00","guid":{"rendered":"http:\/\/sac-homberg.ch\/wordpress\/?p=4036"},"modified":"2020-01-17T19:44:11","modified_gmt":"2020-01-17T18:44:11","slug":"lawinenkurs-2020","status":"publish","type":"post","link":"https:\/\/sac-homberg.ch\/wordpress\/2020\/01\/lawinenkurs-2020\/","title":{"rendered":"Lawinenkurs 2020"},"content":{"rendered":"\n<p>Vom 10.\/11. Januar 2020<\/p>\n\n\n\n<p>Tourenleiter: Dani Forrer<\/p>\n\n\n\n<p>Teilnehmer: Insgesamt 37 (Freitag 21 \/ Samstag 28)<\/p>\n\n\n\n<p>Der Lawinenkurs 2020 war in diesem Jahr in 2 Teile\ngegliedert. Am Freitagabend traffen sich Interessierte HomberglerInnen in der\nBraugarage Reinach um \u00fcber Tourenvorbereitung und Tourenplanung zu diskutieren.\nDie verschiedenen Methoden, M\u00f6glichkeiten und Tools wurden untereinander\ndiskutiert und anschliessend in Gruppen eine Tour auf den Pazolastock, im\nTourengebiet des Lawinenkurses vom Samstag, geplant. Im Anschluss wurden die\nResultate zusammengetragen und untereiander diskutiert. Aufgrund der vorherrschenden\nLawinen- und Wetterbedingungen kamen alle zum Schluss, dass eine Tour auf den\nPazolastock gut machbar w\u00e4re. Gleichzeitig zum Kurs fand auch noch die Anprobe\nder 100 Jahre Jubil\u00e4um SkinFit Bekleidung statt, welche auch rege genutzt\nwurde.<\/p>\n\n\n\n<!--more-->\n\n\n\n<p>Am Samstagmorgen besammelte sich dann eine Schar von 29\nPersonen beim Bahnhof Andermatt und bestieg den Zug auf den Oberalppass, dem\nKursgebiet des Lawinenkurses. Aufgeteilt in 3 Gruppen ging es bald ins Gel\u00e4nde.\nZiel war nicht etwa der am Vorabend geplante Pazolastock sondern Ausbildung und\nRepetition in Sachen Lawinenkunde, LVS und Schaufelhandhabung und alles\nweitere, was man auf Skitouren ben\u00f6tigt. Das Wetter war diesmal auf unserer\nSeite, so dass der Kurs bei strahlendem Sonnenschein und angenehmen\nTemperaturen durchgef\u00fchrt werden konnte &#8211; etwas was in der letzten Jahren nicht\nimmer der Fall war \u2026 So wurde fleissig LVS vergraben und gesucht, geschaufelt,\nProfile ausgehoben, sondiert, Spitzkehren ge\u00fcbt und immer wieder rege\ndiskutiert, analysiert und Tipps und Tricks ausgetauscht. Alle waren sich\neinig, dass der Lawinenkurs ein voller Erfolg war und von allen besucht werden\nsollte, die sich im Winter auf Skitouren begehen.<\/p>\n\n\n\n<p>Ein grosses Dankesch\u00f6n geht an meine Co-Leiter Crew Beat,\nStefan, Marco, Nils und Severin ohne die der Kurs mit sovielen Teilnehmern\nnicht durchzuf\u00fchren w\u00e4re. Auch ein herzliches Dankesch\u00f6n an alle\nTeilnehmerInnen f\u00fcr die Teilnahme und die Disziplin, die eine Organisation\neiner solch grossen Gruppe sehr erleichtern. Gut ger\u00fcstet sind wir nun bereit f\u00fcr\nkommende Ski- und Schneeschuhtouren.<\/p>\n\n\n\n<p>Dani<\/p>\n\n\n\n<figure class=\"wp-block-gallery columns-2 is-cropped wp-block-gallery-1 is-layout-flex wp-block-gallery-is-layout-flex\"><ul class=\"blocks-gallery-grid\"><li class=\"blocks-gallery-item\"><figure><a href=\"https:\/\/sac-homberg.ch\/wordpress\/?attachment_id=4037\"><img data-recalc-dims=\"1\" loading=\"lazy\" decoding=\"async\" width=\"604\" height=\"453\" src=\"https:\/\/i0.wp.com\/sac-homberg.ch\/wordpress\/wp-content\/uploads\/2020\/01\/IMG_3413.jpg?resize=604%2C453&#038;ssl=1\" alt=\"\" data-id=\"4037\" data-full-url=\"https:\/\/i1.wp.com\/sac-homberg.ch\/wordpress\/wp-content\/uploads\/2020\/01\/IMG_3413.jpg?fit=1024%2C768&amp;ssl=1\" data-link=\"https:\/\/sac-homberg.ch\/wordpress\/?attachment_id=4037\" class=\"wp-image-4037\" srcset=\"https:\/\/i0.wp.com\/sac-homberg.ch\/wordpress\/wp-content\/uploads\/2020\/01\/IMG_3413.jpg?w=1024&amp;ssl=1 1024w, https:\/\/i0.wp.com\/sac-homberg.ch\/wordpress\/wp-content\/uploads\/2020\/01\/IMG_3413.jpg?resize=300%2C225&amp;ssl=1 300w, https:\/\/i0.wp.com\/sac-homberg.ch\/wordpress\/wp-content\/uploads\/2020\/01\/IMG_3413.jpg?resize=768%2C576&amp;ssl=1 768w, https:\/\/i0.wp.com\/sac-homberg.ch\/wordpress\/wp-content\/uploads\/2020\/01\/IMG_3413.jpg?resize=800%2C600&amp;ssl=1 800w\" sizes=\"auto, (max-width: 604px) 100vw, 604px\" \/><\/a><\/figure><\/li><li class=\"blocks-gallery-item\"><figure><a href=\"https:\/\/sac-homberg.ch\/wordpress\/?attachment_id=4038\"><img data-recalc-dims=\"1\" loading=\"lazy\" decoding=\"async\" width=\"604\" height=\"453\" src=\"https:\/\/i0.wp.com\/sac-homberg.ch\/wordpress\/wp-content\/uploads\/2020\/01\/IMG_3416-2.jpg?resize=604%2C453&#038;ssl=1\" alt=\"\" data-id=\"4038\" data-full-url=\"https:\/\/i1.wp.com\/sac-homberg.ch\/wordpress\/wp-content\/uploads\/2020\/01\/IMG_3416-2.jpg?fit=1024%2C768&amp;ssl=1\" data-link=\"https:\/\/sac-homberg.ch\/wordpress\/?attachment_id=4038\" class=\"wp-image-4038\" srcset=\"https:\/\/i0.wp.com\/sac-homberg.ch\/wordpress\/wp-content\/uploads\/2020\/01\/IMG_3416-2.jpg?w=1024&amp;ssl=1 1024w, https:\/\/i0.wp.com\/sac-homberg.ch\/wordpress\/wp-content\/uploads\/2020\/01\/IMG_3416-2.jpg?resize=300%2C225&amp;ssl=1 300w, https:\/\/i0.wp.com\/sac-homberg.ch\/wordpress\/wp-content\/uploads\/2020\/01\/IMG_3416-2.jpg?resize=768%2C576&amp;ssl=1 768w, https:\/\/i0.wp.com\/sac-homberg.ch\/wordpress\/wp-content\/uploads\/2020\/01\/IMG_3416-2.jpg?resize=800%2C600&amp;ssl=1 800w\" sizes=\"auto, (max-width: 604px) 100vw, 604px\" \/><\/a><\/figure><\/li><\/ul><\/figure>\n","protected":false},"excerpt":{"rendered":"<p>Vom 10.\/11. Januar 2020 Tourenleiter: Dani Forrer Teilnehmer: Insgesamt 37 (Freitag 21 \/ Samstag 28) Der Lawinenkurs 2020 war in diesem Jahr in 2 Teile gegliedert. Am Freitagabend traffen sich Interessierte HomberglerInnen in der Braugarage Reinach um \u00fcber Tourenvorbereitung und Tourenplanung zu diskutieren. Die verschiedenen Methoden, M\u00f6glichkeiten und Tools wurden untereinander diskutiert und anschliessend in &hellip; <a href=\"https:\/\/sac-homberg.ch\/wordpress\/2020\/01\/lawinenkurs-2020\/\" class=\"more-link\"><span class=\"screen-reader-text\">Lawinenkurs 2020<\/span> weiterlesen <span class=\"meta-nav\">&rarr;<\/span><\/a><\/p>\n","protected":false},"author":1,"featured_media":4037,"comment_status":"open","ping_status":"open","sticky":false,"template":"","format":"standard","meta":{"_monsterinsights_skip_tracking":false,"_monsterinsights_sitenote_active":false,"_monsterinsights_sitenote_note":"","_monsterinsights_sitenote_category":0,"jetpack_post_was_ever_published":false,"_jetpack_newsletter_access":"","_jetpack_dont_email_post_to_subs":false,"_jetpack_newsletter_tier_id":0,"_jetpack_memberships_contains_paywalled_content":false,"_jetpack_memberships_contains_paid_content":false,"footnotes":"","jetpack_publicize_message":"Der Lawinenkurs 2020 fand am Oberalppass statt - und in der Braugarage.","jetpack_publicize_feature_enabled":true,"jetpack_social_post_already_shared":true,"jetpack_social_options":{"image_generator_settings":{"template":"highway","default_image_id":0,"font":"","enabled":false},"version":2}},"categories":[29,28,77],"tags":[299,147,198,46],"class_list":["post-4036","post","type-post","status-publish","format-standard","has-post-thumbnail","hentry","category-tourenberichtjo","category-tourenberichtsektion","category-winter","tag-299","tag-kurs","tag-lawine","tag-lawinenkurs"],"jetpack_publicize_connections":[],"jetpack_featured_media_url":"https:\/\/i0.wp.com\/sac-homberg.ch\/wordpress\/wp-content\/uploads\/2020\/01\/IMG_3413.jpg?fit=1024%2C768&ssl=1","jetpack_shortlink":"https:\/\/wp.me\/p772lX-136","jetpack_sharing_enabled":true,"_links":{"self":[{"href":"https:\/\/sac-homberg.ch\/wordpress\/wp-json\/wp\/v2\/posts\/4036","targetHints":{"allow":["GET"]}}],"collection":[{"href":"https:\/\/sac-homberg.ch\/wordpress\/wp-json\/wp\/v2\/posts"}],"about":[{"href":"https:\/\/sac-homberg.ch\/wordpress\/wp-json\/wp\/v2\/types\/post"}],"author":[{"embeddable":true,"href":"https:\/\/sac-homberg.ch\/wordpress\/wp-json\/wp\/v2\/users\/1"}],"replies":[{"embeddable":true,"href":"https:\/\/sac-homberg.ch\/wordpress\/wp-json\/wp\/v2\/comments?post=4036"}],"version-history":[{"count":1,"href":"https:\/\/sac-homberg.ch\/wordpress\/wp-json\/wp\/v2\/posts\/4036\/revisions"}],"predecessor-version":[{"id":4039,"href":"https:\/\/sac-homberg.ch\/wordpress\/wp-json\/wp\/v2\/posts\/4036\/revisions\/4039"}],"wp:featuredmedia":[{"embeddable":true,"href":"https:\/\/sac-homberg.ch\/wordpress\/wp-json\/wp\/v2\/media\/4037"}],"wp:attachment":[{"href":"https:\/\/sac-homberg.ch\/wordpress\/wp-json\/wp\/v2\/media?parent=4036"}],"wp:term":[{"taxonomy":"category","embeddable":true,"href":"https:\/\/sac-homberg.ch\/wordpress\/wp-json\/wp\/v2\/categories?post=4036"},{"taxonomy":"post_tag","embeddable":true,"href":"https:\/\/sac-homberg.ch\/wordpress\/wp-json\/wp\/v2\/tags?post=4036"}],"curies":[{"name":"wp","href":"https:\/\/api.w.org\/{rel}","templated":true}]}}