{"id":429,"date":"2016-03-23T19:37:19","date_gmt":"2016-03-23T18:37:19","guid":{"rendered":"http:\/\/sac-homberg.ch\/wordpress\/?p=429"},"modified":"2016-03-23T19:37:19","modified_gmt":"2016-03-23T18:37:19","slug":"vom-schwarzseefr-ueber-den-aettenberg-nach-zollhaus","status":"publish","type":"post","link":"https:\/\/sac-homberg.ch\/wordpress\/2016\/03\/vom-schwarzseefr-ueber-den-aettenberg-nach-zollhaus\/","title":{"rendered":"Vom Schwarzsee\/FR \u00fcber den \u00c4ttenberg nach Zollhaus"},"content":{"rendered":"<p>vom 22. M\u00e4rz 2016<\/p>\n<p>Senioren Schneeschuh-Schlusstour.<\/p>\n<p>Teilnehmer: Beatrice und Jost Bucher, Hansruedi Rohr, J\u00f6rg Haller, Ruth Urech.<\/p>\n<p>Tourenleiter: Hans Peter Urech<\/p>\n<p><!--more-->Die zweist\u00fcndige Anfahrt an den Schwarzsee hatte sich f\u00fcr die sechs unentwegten Schneeschuhl\u00e4ufer vollends gelohnt. Sie kamen in den Genuss einer mittelschweren, wundersch\u00f6nen Tour in einer weniger bekannten Gegend.\u00a0Die Route f\u00fchrte gut markiert\u00a0vom Schwarzsee (Gypsera) \u00fcber den \u00c4ttenberg nach Zollhaus hinunter. Zu Beginn und am Schluss der Tour (jeweils w\u00e4hrend rund 100 H\u00f6henmetern) hatte bereits der Fr\u00fchling das Zepter \u00fcbernommen und die Schneeschuhe blieben auf dem Rucksack. F\u00fcr den Rest des Tages war es jedoch ein tolles Schneeschuherlebnis: viel Schnee und viel Sonne, relativ fr\u00fchlingshaft warm, wenn stellenweise die starke Bise nicht gewesen w\u00e4re. Die Mittagsrast mit \u00dcberraschungen aus dem Rucksack wurde an einem windgesch\u00fctzten sonnigen Pl\u00e4tzchen ausgiebig genossen.<\/p>\n<p>620 m Aufstieg, 740 m Abstieg, 10,24 km Wegstrecke, Wanderzeit: 4 Std. 45 min.<\/p>\n<p>F\u00fcr die Senioren ist die Schneeschuhsaison damit abgeschlossen. Der Tourenleiter freut sich, im kommenden Winter die bekannten Gesichter und vielleicht ein paar Neue dazu in die weisse Natur entf\u00fchren zu d\u00fcrfen.<\/p>\n<div id='gallery-1' class='gallery galleryid-429 gallery-columns-1 gallery-size-large'><figure class='gallery-item'>\n\t\t\t<div class='gallery-icon landscape'>\n\t\t\t\t<a href='https:\/\/sac-homberg.ch\/wordpress\/p1020373\/'><img loading=\"lazy\" decoding=\"async\" width=\"604\" height=\"403\" src=\"https:\/\/i0.wp.com\/sac-homberg.ch\/wordpress\/wp-content\/uploads\/2016\/03\/P1020373.jpg?fit=604%2C403&amp;ssl=1\" class=\"attachment-large size-large\" alt=\"\" srcset=\"https:\/\/i0.wp.com\/sac-homberg.ch\/wordpress\/wp-content\/uploads\/2016\/03\/P1020373.jpg?w=1024&amp;ssl=1 1024w, https:\/\/i0.wp.com\/sac-homberg.ch\/wordpress\/wp-content\/uploads\/2016\/03\/P1020373.jpg?resize=300%2C200&amp;ssl=1 300w, https:\/\/i0.wp.com\/sac-homberg.ch\/wordpress\/wp-content\/uploads\/2016\/03\/P1020373.jpg?resize=768%2C513&amp;ssl=1 768w, https:\/\/i0.wp.com\/sac-homberg.ch\/wordpress\/wp-content\/uploads\/2016\/03\/P1020373.jpg?resize=800%2C534&amp;ssl=1 800w\" sizes=\"auto, (max-width: 604px) 100vw, 604px\" \/><\/a>\n\t\t\t<\/div><\/figure><figure class='gallery-item'>\n\t\t\t<div class='gallery-icon landscape'>\n\t\t\t\t<a href='https:\/\/sac-homberg.ch\/wordpress\/p1020388\/'><img loading=\"lazy\" decoding=\"async\" width=\"604\" height=\"403\" src=\"https:\/\/i0.wp.com\/sac-homberg.ch\/wordpress\/wp-content\/uploads\/2016\/03\/P1020388.jpg?fit=604%2C403&amp;ssl=1\" class=\"attachment-large size-large\" alt=\"\" srcset=\"https:\/\/i0.wp.com\/sac-homberg.ch\/wordpress\/wp-content\/uploads\/2016\/03\/P1020388.jpg?w=1024&amp;ssl=1 1024w, https:\/\/i0.wp.com\/sac-homberg.ch\/wordpress\/wp-content\/uploads\/2016\/03\/P1020388.jpg?resize=300%2C200&amp;ssl=1 300w, https:\/\/i0.wp.com\/sac-homberg.ch\/wordpress\/wp-content\/uploads\/2016\/03\/P1020388.jpg?resize=768%2C513&amp;ssl=1 768w, https:\/\/i0.wp.com\/sac-homberg.ch\/wordpress\/wp-content\/uploads\/2016\/03\/P1020388.jpg?resize=800%2C534&amp;ssl=1 800w\" sizes=\"auto, (max-width: 604px) 100vw, 604px\" \/><\/a>\n\t\t\t<\/div><\/figure>\n\t\t<\/div>\n\n","protected":false},"excerpt":{"rendered":"<p>vom 22. M\u00e4rz 2016 Senioren Schneeschuh-Schlusstour. Teilnehmer: Beatrice und Jost Bucher, Hansruedi Rohr, J\u00f6rg Haller, Ruth Urech. Tourenleiter: Hans Peter Urech<\/p>\n","protected":false},"author":3,"featured_media":0,"comment_status":"open","ping_status":"open","sticky":false,"template":"","format":"standard","meta":{"_monsterinsights_skip_tracking":false,"_monsterinsights_sitenote_active":false,"_monsterinsights_sitenote_note":"","_monsterinsights_sitenote_category":0,"jetpack_post_was_ever_published":false,"_jetpack_newsletter_access":"","_jetpack_dont_email_post_to_subs":false,"_jetpack_newsletter_tier_id":0,"_jetpack_memberships_contains_paywalled_content":false,"_jetpack_memberships_contains_paid_content":false,"footnotes":"","jetpack_publicize_message":"","jetpack_publicize_feature_enabled":true,"jetpack_social_post_already_shared":true,"jetpack_social_options":{"image_generator_settings":{"template":"highway","default_image_id":0,"font":"","enabled":false},"version":2}},"categories":[26,27,77],"tags":[42,82,56,30,81],"class_list":["post-429","post","type-post","status-publish","format-standard","hentry","category-tourenbericht","category-tourenberichtsenioren","category-winter","tag-42","tag-fribourg","tag-schneeschuhtour","tag-schneeschuhwandern","tag-schwarzsee"],"jetpack_publicize_connections":[],"jetpack_featured_media_url":"","jetpack_shortlink":"https:\/\/wp.me\/p772lX-6V","jetpack_sharing_enabled":true,"_links":{"self":[{"href":"https:\/\/sac-homberg.ch\/wordpress\/wp-json\/wp\/v2\/posts\/429","targetHints":{"allow":["GET"]}}],"collection":[{"href":"https:\/\/sac-homberg.ch\/wordpress\/wp-json\/wp\/v2\/posts"}],"about":[{"href":"https:\/\/sac-homberg.ch\/wordpress\/wp-json\/wp\/v2\/types\/post"}],"author":[{"embeddable":true,"href":"https:\/\/sac-homberg.ch\/wordpress\/wp-json\/wp\/v2\/users\/3"}],"replies":[{"embeddable":true,"href":"https:\/\/sac-homberg.ch\/wordpress\/wp-json\/wp\/v2\/comments?post=429"}],"version-history":[{"count":5,"href":"https:\/\/sac-homberg.ch\/wordpress\/wp-json\/wp\/v2\/posts\/429\/revisions"}],"predecessor-version":[{"id":436,"href":"https:\/\/sac-homberg.ch\/wordpress\/wp-json\/wp\/v2\/posts\/429\/revisions\/436"}],"wp:attachment":[{"href":"https:\/\/sac-homberg.ch\/wordpress\/wp-json\/wp\/v2\/media?parent=429"}],"wp:term":[{"taxonomy":"category","embeddable":true,"href":"https:\/\/sac-homberg.ch\/wordpress\/wp-json\/wp\/v2\/categories?post=429"},{"taxonomy":"post_tag","embeddable":true,"href":"https:\/\/sac-homberg.ch\/wordpress\/wp-json\/wp\/v2\/tags?post=429"}],"curies":[{"name":"wp","href":"https:\/\/api.w.org\/{rel}","templated":true}]}}