{"id":4366,"date":"2020-07-14T18:00:00","date_gmt":"2020-07-14T16:00:00","guid":{"rendered":"http:\/\/sac-homberg.ch\/wordpress\/?p=4366"},"modified":"2020-09-14T16:34:10","modified_gmt":"2020-09-14T14:34:10","slug":"bergtour-gemmenalphorn","status":"publish","type":"post","link":"https:\/\/sac-homberg.ch\/wordpress\/2020\/07\/bergtour-gemmenalphorn\/","title":{"rendered":"Bergtour Gemmenalphorn"},"content":{"rendered":"\n<p>vom 14. Juli 2020<\/p>\n\n\n\n<figure class=\"wp-block-table is-style-stripes\"><table><tbody><tr><td>Tourenleiterin<\/td><td>Romy Erb Knobel<\/td><\/tr><tr><td>Teilnehmende<\/td><td>B\u00e4ttig Andr\u00e9, Frey J\u00f6rg, Hasler Rolf, Hupfer Esther, Hupfer Urs, Kamer Katharina, Knobel R\u00f6bi, Zeltner Widmer Brigitte<\/td><\/tr><\/tbody><\/table><\/figure>\n\n\n\n<figure class=\"wp-block-image size-large\"><img data-recalc-dims=\"1\" loading=\"lazy\" decoding=\"async\" width=\"604\" height=\"403\" src=\"https:\/\/i0.wp.com\/sac-homberg.ch\/wordpress\/wp-content\/uploads\/2020\/07\/DSC02457.jpg?resize=604%2C403&#038;ssl=1\" alt=\"\" class=\"wp-image-4367\" srcset=\"https:\/\/i0.wp.com\/sac-homberg.ch\/wordpress\/wp-content\/uploads\/2020\/07\/DSC02457.jpg?w=1024&amp;ssl=1 1024w, https:\/\/i0.wp.com\/sac-homberg.ch\/wordpress\/wp-content\/uploads\/2020\/07\/DSC02457.jpg?resize=300%2C200&amp;ssl=1 300w, https:\/\/i0.wp.com\/sac-homberg.ch\/wordpress\/wp-content\/uploads\/2020\/07\/DSC02457.jpg?resize=768%2C512&amp;ssl=1 768w, https:\/\/i0.wp.com\/sac-homberg.ch\/wordpress\/wp-content\/uploads\/2020\/07\/DSC02457.jpg?resize=800%2C534&amp;ssl=1 800w\" sizes=\"auto, (max-width: 604px) 100vw, 604px\" \/><\/figure>\n\n\n\n<p>Nach dem Treffen zum Startkaffee, im Beizli neben der Niederhornbahn, oben in Beatenberg, fuhren wir mit dem Ortsbus zur Busstation \u201eWydi\u201c. Petrus hat uns mit milden Temperaturen, Sonnenschein und Wolken begl\u00fcckt. Gleich zu Beginn wurden die Wadenmuskeln gefordert &#8211; es ging steil bergan, h\u00f6her und h\u00f6her, auch \u00fcber unz\u00e4hlige Stufen. Dank der guten Kondition aller TeilnehmerInnen kamen wir flott voran. Nach den ersten 450 H\u00f6henmetern erreichten wir ein offenes Gel\u00e4nde f\u00fcr die erste Rast. Alle bewunderten die reiche Blumenvielfalt rundum, genossen die frische Bergluft und die Ruhe, waren wir doch, bis auf einige Wanderer, alleine unterwegs. Bei der Alp \u201eOberberg\u201c auf 1\u2019816 m\u00fcM gab es dann die Mittagsrast. Bald trottete gem\u00e4chlich eine grosse Herde K\u00fche heran &#8211; das Glockengebimmel sorgte f\u00fcr eine sch\u00f6ne Stimmung. Aber auch die gl\u00fccklichen, lebendigen, in der Erde w\u00fchlenden Alpen-Schweine waren sch\u00f6n zum Beobachten.<\/p>\n\n\n\n<!--more-->\n\n\n\n<p>Nach gut einer Stunde abwechslungsreicher Szenerie, leider ohne Sicht auf Eiger, M\u00f6nch und Jungfrau &#8211; einige Wolken verwehrten uns deren Anblick, erreichten wir wiederum auf steilem Weg, unser Ziel, das 2\u2019061 m hohe Gemmenalphorn. Dieses Gebiet ist eine Top-Destination f\u00fcr alle, die Steinb\u00f6cke ganz aus der N\u00e4he sehen m\u00f6chten. Auch die Fotografen unter uns kamen voll auf die Rechnung. Diese Tiere zeigen den Wanderern gegen\u00fcber keine Scheu &#8211; f\u00fcr sie ist es wichtig, sich von den Gratr\u00fccken und den Wiesen jederzeit in die schroffen Nordh\u00e4nge zur\u00fcckziehen zu k\u00f6nnen. Deren Anblick, auch der vielen Jungtiere, sorgte bei uns f\u00fcr Entz\u00fccken und Abwechslung.<\/p>\n\n\n\n<p>Vom Gipfel reichten unsere Blicke von der Schrattenfluh, \u00fcber die Berner Voralpen, die ganze Jurakette bis ins Mittelland. Immer wieder schauten wir rechterhand in das tief unter uns liegende Justistal sowie auch auf den gegen\u00fcber liegenden imposanten Sigriswilergrat. Nach dem steilen Abstieg vom Gipfel, gab es noch zwei Gegenanstiege bevor wir wie geplant um 16 Uhr das Niederhorn erreichten. Dort genossen wir aus der \u201eApotheke\u201c \u00fcberteuerte Fruchtw\u00e4hen und liessen den Tag nochmals Revue passieren. Knieschonend brachten uns die Niederhorn Bahnen runter nach Beatenberg bzw. Beatenbucht. Gl\u00fccklich und zufrieden verabschiedeten wir uns &#8211; R\u00f6bi und ich aalten uns noch eine Weile in den k\u00fchlen Fluten des Thunersees.<\/p>\n\n\n\n<p>Ich danke allen Beteiligten herzlich f\u00fcr die sch\u00f6nen, gemeinsamen Stunden und sage \u201ebleibt weiterhin gesund, so fit und munter\u201c<\/p>\n\n\n\n<p>Romy<\/p>\n\n\n\n<p>Fakts: reine Wanderzeit 5 1\/4 Stunden<br \/>Aufstieg kumuliert 1&#8217;180 Hm &#8211; Abstieg 430 Hm<\/p>\n\n\n\n<figure class=\"wp-block-gallery columns-3 is-cropped wp-block-gallery-1 is-layout-flex wp-block-gallery-is-layout-flex\"><ul class=\"blocks-gallery-grid\"><li class=\"blocks-gallery-item\"><figure><a href=\"https:\/\/sac-homberg.ch\/wordpress\/?attachment_id=4368\"><img data-recalc-dims=\"1\" loading=\"lazy\" decoding=\"async\" width=\"604\" height=\"403\" src=\"https:\/\/i0.wp.com\/sac-homberg.ch\/wordpress\/wp-content\/uploads\/2020\/07\/DSC02446.jpg?resize=604%2C403&#038;ssl=1\" alt=\"\" data-id=\"4368\" data-full-url=\"https:\/\/sac-homberg.ch\/wordpress\/wp-content\/uploads\/2020\/07\/DSC02446.jpg\" data-link=\"https:\/\/sac-homberg.ch\/wordpress\/?attachment_id=4368\" class=\"wp-image-4368\" srcset=\"https:\/\/i0.wp.com\/sac-homberg.ch\/wordpress\/wp-content\/uploads\/2020\/07\/DSC02446.jpg?w=1024&amp;ssl=1 1024w, https:\/\/i0.wp.com\/sac-homberg.ch\/wordpress\/wp-content\/uploads\/2020\/07\/DSC02446.jpg?resize=300%2C200&amp;ssl=1 300w, https:\/\/i0.wp.com\/sac-homberg.ch\/wordpress\/wp-content\/uploads\/2020\/07\/DSC02446.jpg?resize=768%2C512&amp;ssl=1 768w, https:\/\/i0.wp.com\/sac-homberg.ch\/wordpress\/wp-content\/uploads\/2020\/07\/DSC02446.jpg?resize=800%2C534&amp;ssl=1 800w\" sizes=\"auto, (max-width: 604px) 100vw, 604px\" \/><\/a><\/figure><\/li><li class=\"blocks-gallery-item\"><figure><a href=\"https:\/\/sac-homberg.ch\/wordpress\/?attachment_id=4369\"><img data-recalc-dims=\"1\" loading=\"lazy\" decoding=\"async\" width=\"604\" height=\"403\" src=\"https:\/\/i0.wp.com\/sac-homberg.ch\/wordpress\/wp-content\/uploads\/2020\/07\/DSC02451.jpg?resize=604%2C403&#038;ssl=1\" alt=\"\" data-id=\"4369\" data-full-url=\"https:\/\/sac-homberg.ch\/wordpress\/wp-content\/uploads\/2020\/07\/DSC02451.jpg\" data-link=\"https:\/\/sac-homberg.ch\/wordpress\/?attachment_id=4369\" class=\"wp-image-4369\" srcset=\"https:\/\/i0.wp.com\/sac-homberg.ch\/wordpress\/wp-content\/uploads\/2020\/07\/DSC02451.jpg?w=1024&amp;ssl=1 1024w, https:\/\/i0.wp.com\/sac-homberg.ch\/wordpress\/wp-content\/uploads\/2020\/07\/DSC02451.jpg?resize=300%2C200&amp;ssl=1 300w, https:\/\/i0.wp.com\/sac-homberg.ch\/wordpress\/wp-content\/uploads\/2020\/07\/DSC02451.jpg?resize=768%2C512&amp;ssl=1 768w, https:\/\/i0.wp.com\/sac-homberg.ch\/wordpress\/wp-content\/uploads\/2020\/07\/DSC02451.jpg?resize=800%2C534&amp;ssl=1 800w\" sizes=\"auto, (max-width: 604px) 100vw, 604px\" \/><\/a><\/figure><\/li><li class=\"blocks-gallery-item\"><figure><a href=\"https:\/\/sac-homberg.ch\/wordpress\/?attachment_id=4370\"><img data-recalc-dims=\"1\" loading=\"lazy\" decoding=\"async\" width=\"604\" height=\"403\" src=\"https:\/\/i0.wp.com\/sac-homberg.ch\/wordpress\/wp-content\/uploads\/2020\/07\/DSC02454.jpg?resize=604%2C403&#038;ssl=1\" alt=\"\" data-id=\"4370\" data-full-url=\"https:\/\/sac-homberg.ch\/wordpress\/wp-content\/uploads\/2020\/07\/DSC02454.jpg\" data-link=\"https:\/\/sac-homberg.ch\/wordpress\/?attachment_id=4370\" class=\"wp-image-4370\" srcset=\"https:\/\/i0.wp.com\/sac-homberg.ch\/wordpress\/wp-content\/uploads\/2020\/07\/DSC02454.jpg?w=1024&amp;ssl=1 1024w, https:\/\/i0.wp.com\/sac-homberg.ch\/wordpress\/wp-content\/uploads\/2020\/07\/DSC02454.jpg?resize=300%2C200&amp;ssl=1 300w, https:\/\/i0.wp.com\/sac-homberg.ch\/wordpress\/wp-content\/uploads\/2020\/07\/DSC02454.jpg?resize=768%2C512&amp;ssl=1 768w, https:\/\/i0.wp.com\/sac-homberg.ch\/wordpress\/wp-content\/uploads\/2020\/07\/DSC02454.jpg?resize=800%2C534&amp;ssl=1 800w\" sizes=\"auto, (max-width: 604px) 100vw, 604px\" \/><\/a><\/figure><\/li><li class=\"blocks-gallery-item\"><figure><a href=\"https:\/\/sac-homberg.ch\/wordpress\/?attachment_id=4371\"><img data-recalc-dims=\"1\" loading=\"lazy\" decoding=\"async\" width=\"604\" height=\"403\" src=\"https:\/\/i0.wp.com\/sac-homberg.ch\/wordpress\/wp-content\/uploads\/2020\/07\/DSC02465.jpg?resize=604%2C403&#038;ssl=1\" alt=\"\" data-id=\"4371\" data-full-url=\"https:\/\/sac-homberg.ch\/wordpress\/wp-content\/uploads\/2020\/07\/DSC02465.jpg\" data-link=\"https:\/\/sac-homberg.ch\/wordpress\/?attachment_id=4371\" class=\"wp-image-4371\" srcset=\"https:\/\/i0.wp.com\/sac-homberg.ch\/wordpress\/wp-content\/uploads\/2020\/07\/DSC02465.jpg?w=1024&amp;ssl=1 1024w, https:\/\/i0.wp.com\/sac-homberg.ch\/wordpress\/wp-content\/uploads\/2020\/07\/DSC02465.jpg?resize=300%2C200&amp;ssl=1 300w, https:\/\/i0.wp.com\/sac-homberg.ch\/wordpress\/wp-content\/uploads\/2020\/07\/DSC02465.jpg?resize=768%2C512&amp;ssl=1 768w, https:\/\/i0.wp.com\/sac-homberg.ch\/wordpress\/wp-content\/uploads\/2020\/07\/DSC02465.jpg?resize=800%2C534&amp;ssl=1 800w\" sizes=\"auto, (max-width: 604px) 100vw, 604px\" \/><\/a><\/figure><\/li><li class=\"blocks-gallery-item\"><figure><a href=\"https:\/\/sac-homberg.ch\/wordpress\/?attachment_id=4372\"><img data-recalc-dims=\"1\" loading=\"lazy\" decoding=\"async\" width=\"604\" height=\"403\" src=\"https:\/\/i0.wp.com\/sac-homberg.ch\/wordpress\/wp-content\/uploads\/2020\/07\/DSC02476.jpg?resize=604%2C403&#038;ssl=1\" alt=\"\" data-id=\"4372\" data-full-url=\"https:\/\/sac-homberg.ch\/wordpress\/wp-content\/uploads\/2020\/07\/DSC02476.jpg\" data-link=\"https:\/\/sac-homberg.ch\/wordpress\/?attachment_id=4372\" class=\"wp-image-4372\" srcset=\"https:\/\/i0.wp.com\/sac-homberg.ch\/wordpress\/wp-content\/uploads\/2020\/07\/DSC02476.jpg?w=1024&amp;ssl=1 1024w, https:\/\/i0.wp.com\/sac-homberg.ch\/wordpress\/wp-content\/uploads\/2020\/07\/DSC02476.jpg?resize=300%2C200&amp;ssl=1 300w, https:\/\/i0.wp.com\/sac-homberg.ch\/wordpress\/wp-content\/uploads\/2020\/07\/DSC02476.jpg?resize=768%2C512&amp;ssl=1 768w, https:\/\/i0.wp.com\/sac-homberg.ch\/wordpress\/wp-content\/uploads\/2020\/07\/DSC02476.jpg?resize=800%2C534&amp;ssl=1 800w\" sizes=\"auto, (max-width: 604px) 100vw, 604px\" \/><\/a><\/figure><\/li><li class=\"blocks-gallery-item\"><figure><a href=\"https:\/\/sac-homberg.ch\/wordpress\/?attachment_id=4373\"><img data-recalc-dims=\"1\" loading=\"lazy\" decoding=\"async\" width=\"604\" height=\"403\" src=\"https:\/\/i0.wp.com\/sac-homberg.ch\/wordpress\/wp-content\/uploads\/2020\/07\/DSC02487.jpg?resize=604%2C403&#038;ssl=1\" alt=\"\" data-id=\"4373\" data-full-url=\"https:\/\/sac-homberg.ch\/wordpress\/wp-content\/uploads\/2020\/07\/DSC02487.jpg\" data-link=\"https:\/\/sac-homberg.ch\/wordpress\/?attachment_id=4373\" class=\"wp-image-4373\" srcset=\"https:\/\/i0.wp.com\/sac-homberg.ch\/wordpress\/wp-content\/uploads\/2020\/07\/DSC02487.jpg?w=1024&amp;ssl=1 1024w, https:\/\/i0.wp.com\/sac-homberg.ch\/wordpress\/wp-content\/uploads\/2020\/07\/DSC02487.jpg?resize=300%2C200&amp;ssl=1 300w, https:\/\/i0.wp.com\/sac-homberg.ch\/wordpress\/wp-content\/uploads\/2020\/07\/DSC02487.jpg?resize=768%2C512&amp;ssl=1 768w, https:\/\/i0.wp.com\/sac-homberg.ch\/wordpress\/wp-content\/uploads\/2020\/07\/DSC02487.jpg?resize=800%2C534&amp;ssl=1 800w\" sizes=\"auto, (max-width: 604px) 100vw, 604px\" \/><\/a><\/figure><\/li><li class=\"blocks-gallery-item\"><figure><a href=\"https:\/\/sac-homberg.ch\/wordpress\/?attachment_id=4374\"><img data-recalc-dims=\"1\" loading=\"lazy\" decoding=\"async\" width=\"604\" height=\"403\" src=\"https:\/\/i0.wp.com\/sac-homberg.ch\/wordpress\/wp-content\/uploads\/2020\/07\/DSC02490.jpg?resize=604%2C403&#038;ssl=1\" alt=\"\" data-id=\"4374\" data-full-url=\"https:\/\/sac-homberg.ch\/wordpress\/wp-content\/uploads\/2020\/07\/DSC02490.jpg\" data-link=\"https:\/\/sac-homberg.ch\/wordpress\/?attachment_id=4374\" class=\"wp-image-4374\" srcset=\"https:\/\/i0.wp.com\/sac-homberg.ch\/wordpress\/wp-content\/uploads\/2020\/07\/DSC02490.jpg?w=1024&amp;ssl=1 1024w, https:\/\/i0.wp.com\/sac-homberg.ch\/wordpress\/wp-content\/uploads\/2020\/07\/DSC02490.jpg?resize=300%2C200&amp;ssl=1 300w, https:\/\/i0.wp.com\/sac-homberg.ch\/wordpress\/wp-content\/uploads\/2020\/07\/DSC02490.jpg?resize=768%2C512&amp;ssl=1 768w, https:\/\/i0.wp.com\/sac-homberg.ch\/wordpress\/wp-content\/uploads\/2020\/07\/DSC02490.jpg?resize=800%2C534&amp;ssl=1 800w\" sizes=\"auto, (max-width: 604px) 100vw, 604px\" \/><\/a><\/figure><\/li><li class=\"blocks-gallery-item\"><figure><a href=\"https:\/\/sac-homberg.ch\/wordpress\/?attachment_id=4375\"><img data-recalc-dims=\"1\" loading=\"lazy\" decoding=\"async\" width=\"604\" height=\"403\" src=\"https:\/\/i0.wp.com\/sac-homberg.ch\/wordpress\/wp-content\/uploads\/2020\/07\/DSC02503.jpg?resize=604%2C403&#038;ssl=1\" alt=\"\" data-id=\"4375\" data-full-url=\"https:\/\/sac-homberg.ch\/wordpress\/wp-content\/uploads\/2020\/07\/DSC02503.jpg\" data-link=\"https:\/\/sac-homberg.ch\/wordpress\/?attachment_id=4375\" class=\"wp-image-4375\" srcset=\"https:\/\/i0.wp.com\/sac-homberg.ch\/wordpress\/wp-content\/uploads\/2020\/07\/DSC02503.jpg?w=1024&amp;ssl=1 1024w, https:\/\/i0.wp.com\/sac-homberg.ch\/wordpress\/wp-content\/uploads\/2020\/07\/DSC02503.jpg?resize=300%2C200&amp;ssl=1 300w, https:\/\/i0.wp.com\/sac-homberg.ch\/wordpress\/wp-content\/uploads\/2020\/07\/DSC02503.jpg?resize=768%2C512&amp;ssl=1 768w, https:\/\/i0.wp.com\/sac-homberg.ch\/wordpress\/wp-content\/uploads\/2020\/07\/DSC02503.jpg?resize=800%2C534&amp;ssl=1 800w\" sizes=\"auto, (max-width: 604px) 100vw, 604px\" \/><\/a><\/figure><\/li><li class=\"blocks-gallery-item\"><figure><a href=\"https:\/\/sac-homberg.ch\/wordpress\/?attachment_id=4376\"><img data-recalc-dims=\"1\" loading=\"lazy\" decoding=\"async\" width=\"604\" height=\"403\" src=\"https:\/\/i0.wp.com\/sac-homberg.ch\/wordpress\/wp-content\/uploads\/2020\/07\/DSC02504.jpg?resize=604%2C403&#038;ssl=1\" alt=\"\" data-id=\"4376\" data-full-url=\"https:\/\/sac-homberg.ch\/wordpress\/wp-content\/uploads\/2020\/07\/DSC02504.jpg\" data-link=\"https:\/\/sac-homberg.ch\/wordpress\/?attachment_id=4376\" class=\"wp-image-4376\" srcset=\"https:\/\/i0.wp.com\/sac-homberg.ch\/wordpress\/wp-content\/uploads\/2020\/07\/DSC02504.jpg?w=1024&amp;ssl=1 1024w, https:\/\/i0.wp.com\/sac-homberg.ch\/wordpress\/wp-content\/uploads\/2020\/07\/DSC02504.jpg?resize=300%2C200&amp;ssl=1 300w, https:\/\/i0.wp.com\/sac-homberg.ch\/wordpress\/wp-content\/uploads\/2020\/07\/DSC02504.jpg?resize=768%2C512&amp;ssl=1 768w, https:\/\/i0.wp.com\/sac-homberg.ch\/wordpress\/wp-content\/uploads\/2020\/07\/DSC02504.jpg?resize=800%2C534&amp;ssl=1 800w\" sizes=\"auto, (max-width: 604px) 100vw, 604px\" \/><\/a><\/figure><\/li><li class=\"blocks-gallery-item\"><figure><a href=\"https:\/\/sac-homberg.ch\/wordpress\/?attachment_id=4377\"><img data-recalc-dims=\"1\" loading=\"lazy\" decoding=\"async\" width=\"604\" height=\"403\" src=\"https:\/\/i0.wp.com\/sac-homberg.ch\/wordpress\/wp-content\/uploads\/2020\/07\/DSC02508.jpg?resize=604%2C403&#038;ssl=1\" alt=\"\" data-id=\"4377\" data-full-url=\"https:\/\/sac-homberg.ch\/wordpress\/wp-content\/uploads\/2020\/07\/DSC02508.jpg\" data-link=\"https:\/\/sac-homberg.ch\/wordpress\/?attachment_id=4377\" class=\"wp-image-4377\" srcset=\"https:\/\/i0.wp.com\/sac-homberg.ch\/wordpress\/wp-content\/uploads\/2020\/07\/DSC02508.jpg?w=1024&amp;ssl=1 1024w, https:\/\/i0.wp.com\/sac-homberg.ch\/wordpress\/wp-content\/uploads\/2020\/07\/DSC02508.jpg?resize=300%2C200&amp;ssl=1 300w, https:\/\/i0.wp.com\/sac-homberg.ch\/wordpress\/wp-content\/uploads\/2020\/07\/DSC02508.jpg?resize=768%2C512&amp;ssl=1 768w, https:\/\/i0.wp.com\/sac-homberg.ch\/wordpress\/wp-content\/uploads\/2020\/07\/DSC02508.jpg?resize=800%2C534&amp;ssl=1 800w\" sizes=\"auto, (max-width: 604px) 100vw, 604px\" \/><\/a><\/figure><\/li><li class=\"blocks-gallery-item\"><figure><a href=\"https:\/\/sac-homberg.ch\/wordpress\/?attachment_id=4378\"><img data-recalc-dims=\"1\" loading=\"lazy\" decoding=\"async\" width=\"604\" height=\"403\" src=\"https:\/\/i0.wp.com\/sac-homberg.ch\/wordpress\/wp-content\/uploads\/2020\/07\/DSC02512.jpg?resize=604%2C403&#038;ssl=1\" alt=\"\" data-id=\"4378\" data-full-url=\"https:\/\/sac-homberg.ch\/wordpress\/wp-content\/uploads\/2020\/07\/DSC02512.jpg\" data-link=\"https:\/\/sac-homberg.ch\/wordpress\/?attachment_id=4378\" class=\"wp-image-4378\" srcset=\"https:\/\/i0.wp.com\/sac-homberg.ch\/wordpress\/wp-content\/uploads\/2020\/07\/DSC02512.jpg?w=1024&amp;ssl=1 1024w, https:\/\/i0.wp.com\/sac-homberg.ch\/wordpress\/wp-content\/uploads\/2020\/07\/DSC02512.jpg?resize=300%2C200&amp;ssl=1 300w, https:\/\/i0.wp.com\/sac-homberg.ch\/wordpress\/wp-content\/uploads\/2020\/07\/DSC02512.jpg?resize=768%2C512&amp;ssl=1 768w, https:\/\/i0.wp.com\/sac-homberg.ch\/wordpress\/wp-content\/uploads\/2020\/07\/DSC02512.jpg?resize=800%2C534&amp;ssl=1 800w\" sizes=\"auto, (max-width: 604px) 100vw, 604px\" \/><\/a><\/figure><\/li><li class=\"blocks-gallery-item\"><figure><a href=\"https:\/\/sac-homberg.ch\/wordpress\/?attachment_id=4379\"><img data-recalc-dims=\"1\" loading=\"lazy\" decoding=\"async\" width=\"604\" height=\"403\" src=\"https:\/\/i0.wp.com\/sac-homberg.ch\/wordpress\/wp-content\/uploads\/2020\/07\/DSC02513.jpg?resize=604%2C403&#038;ssl=1\" alt=\"\" data-id=\"4379\" data-full-url=\"https:\/\/sac-homberg.ch\/wordpress\/wp-content\/uploads\/2020\/07\/DSC02513.jpg\" data-link=\"https:\/\/sac-homberg.ch\/wordpress\/?attachment_id=4379\" class=\"wp-image-4379\" srcset=\"https:\/\/i0.wp.com\/sac-homberg.ch\/wordpress\/wp-content\/uploads\/2020\/07\/DSC02513.jpg?w=1024&amp;ssl=1 1024w, https:\/\/i0.wp.com\/sac-homberg.ch\/wordpress\/wp-content\/uploads\/2020\/07\/DSC02513.jpg?resize=300%2C200&amp;ssl=1 300w, https:\/\/i0.wp.com\/sac-homberg.ch\/wordpress\/wp-content\/uploads\/2020\/07\/DSC02513.jpg?resize=768%2C512&amp;ssl=1 768w, https:\/\/i0.wp.com\/sac-homberg.ch\/wordpress\/wp-content\/uploads\/2020\/07\/DSC02513.jpg?resize=800%2C534&amp;ssl=1 800w\" sizes=\"auto, (max-width: 604px) 100vw, 604px\" \/><\/a><\/figure><\/li><li class=\"blocks-gallery-item\"><figure><a href=\"https:\/\/sac-homberg.ch\/wordpress\/?attachment_id=4380\"><img data-recalc-dims=\"1\" loading=\"lazy\" decoding=\"async\" width=\"604\" height=\"906\" src=\"https:\/\/i0.wp.com\/sac-homberg.ch\/wordpress\/wp-content\/uploads\/2020\/07\/DSC02514.jpg?resize=604%2C906&#038;ssl=1\" alt=\"\" data-id=\"4380\" data-full-url=\"https:\/\/sac-homberg.ch\/wordpress\/wp-content\/uploads\/2020\/07\/DSC02514.jpg\" data-link=\"https:\/\/sac-homberg.ch\/wordpress\/?attachment_id=4380\" class=\"wp-image-4380\" srcset=\"https:\/\/i0.wp.com\/sac-homberg.ch\/wordpress\/wp-content\/uploads\/2020\/07\/DSC02514.jpg?w=683&amp;ssl=1 683w, https:\/\/i0.wp.com\/sac-homberg.ch\/wordpress\/wp-content\/uploads\/2020\/07\/DSC02514.jpg?resize=200%2C300&amp;ssl=1 200w, https:\/\/i0.wp.com\/sac-homberg.ch\/wordpress\/wp-content\/uploads\/2020\/07\/DSC02514.jpg?resize=534%2C800&amp;ssl=1 534w\" sizes=\"auto, (max-width: 604px) 100vw, 604px\" \/><\/a><\/figure><\/li><li class=\"blocks-gallery-item\"><figure><a href=\"https:\/\/sac-homberg.ch\/wordpress\/?attachment_id=4381\"><img data-recalc-dims=\"1\" loading=\"lazy\" decoding=\"async\" width=\"604\" height=\"403\" src=\"https:\/\/i0.wp.com\/sac-homberg.ch\/wordpress\/wp-content\/uploads\/2020\/07\/DSC02536.jpg?resize=604%2C403&#038;ssl=1\" alt=\"\" data-id=\"4381\" data-full-url=\"https:\/\/sac-homberg.ch\/wordpress\/wp-content\/uploads\/2020\/07\/DSC02536.jpg\" data-link=\"https:\/\/sac-homberg.ch\/wordpress\/?attachment_id=4381\" class=\"wp-image-4381\" srcset=\"https:\/\/i0.wp.com\/sac-homberg.ch\/wordpress\/wp-content\/uploads\/2020\/07\/DSC02536.jpg?w=1024&amp;ssl=1 1024w, https:\/\/i0.wp.com\/sac-homberg.ch\/wordpress\/wp-content\/uploads\/2020\/07\/DSC02536.jpg?resize=300%2C200&amp;ssl=1 300w, https:\/\/i0.wp.com\/sac-homberg.ch\/wordpress\/wp-content\/uploads\/2020\/07\/DSC02536.jpg?resize=768%2C512&amp;ssl=1 768w, https:\/\/i0.wp.com\/sac-homberg.ch\/wordpress\/wp-content\/uploads\/2020\/07\/DSC02536.jpg?resize=800%2C534&amp;ssl=1 800w\" sizes=\"auto, (max-width: 604px) 100vw, 604px\" \/><\/a><\/figure><\/li><li class=\"blocks-gallery-item\"><figure><a href=\"https:\/\/sac-homberg.ch\/wordpress\/?attachment_id=4382\"><img data-recalc-dims=\"1\" loading=\"lazy\" decoding=\"async\" width=\"604\" height=\"386\" src=\"https:\/\/i0.wp.com\/sac-homberg.ch\/wordpress\/wp-content\/uploads\/2020\/07\/DSC02562.jpg?resize=604%2C386&#038;ssl=1\" alt=\"\" data-id=\"4382\" data-full-url=\"https:\/\/sac-homberg.ch\/wordpress\/wp-content\/uploads\/2020\/07\/DSC02562.jpg\" data-link=\"https:\/\/sac-homberg.ch\/wordpress\/?attachment_id=4382\" class=\"wp-image-4382\" srcset=\"https:\/\/i0.wp.com\/sac-homberg.ch\/wordpress\/wp-content\/uploads\/2020\/07\/DSC02562.jpg?w=1024&amp;ssl=1 1024w, https:\/\/i0.wp.com\/sac-homberg.ch\/wordpress\/wp-content\/uploads\/2020\/07\/DSC02562.jpg?resize=300%2C192&amp;ssl=1 300w, https:\/\/i0.wp.com\/sac-homberg.ch\/wordpress\/wp-content\/uploads\/2020\/07\/DSC02562.jpg?resize=768%2C491&amp;ssl=1 768w, https:\/\/i0.wp.com\/sac-homberg.ch\/wordpress\/wp-content\/uploads\/2020\/07\/DSC02562.jpg?resize=800%2C511&amp;ssl=1 800w\" sizes=\"auto, (max-width: 604px) 100vw, 604px\" \/><\/a><\/figure><\/li><\/ul><\/figure>\n","protected":false},"excerpt":{"rendered":"<p>vom 14. Juli 2020 Tourenleiterin Romy Erb Knobel Teilnehmende B\u00e4ttig Andr\u00e9, Frey J\u00f6rg, Hasler Rolf, Hupfer Esther, Hupfer Urs, Kamer Katharina, Knobel R\u00f6bi, Zeltner Widmer Brigitte Nach dem Treffen zum Startkaffee, im Beizli neben der Niederhornbahn, oben in Beatenberg, fuhren wir mit dem Ortsbus zur Busstation \u201eWydi\u201c. Petrus hat uns mit milden Temperaturen, Sonnenschein und &hellip; <a href=\"https:\/\/sac-homberg.ch\/wordpress\/2020\/07\/bergtour-gemmenalphorn\/\" class=\"more-link\"><span class=\"screen-reader-text\">Bergtour Gemmenalphorn<\/span> weiterlesen <span class=\"meta-nav\">&rarr;<\/span><\/a><\/p>\n","protected":false},"author":1,"featured_media":4379,"comment_status":"open","ping_status":"open","sticky":false,"template":"","format":"standard","meta":{"_monsterinsights_skip_tracking":false,"_monsterinsights_sitenote_active":false,"_monsterinsights_sitenote_note":"","_monsterinsights_sitenote_category":0,"jetpack_post_was_ever_published":false,"_jetpack_newsletter_access":"","_jetpack_dont_email_post_to_subs":false,"_jetpack_newsletter_tier_id":0,"_jetpack_memberships_contains_paywalled_content":false,"_jetpack_memberships_contains_paid_content":false,"footnotes":"","jetpack_publicize_message":"Bergtour Gemmenalphorn mit vielen Blumen und Steinb\u00f6cken","jetpack_publicize_feature_enabled":true,"jetpack_social_post_already_shared":true,"jetpack_social_options":{"image_generator_settings":{"template":"highway","default_image_id":0,"font":"","enabled":false},"version":2}},"categories":[79,27],"tags":[299,135,126,329],"class_list":["post-4366","post","type-post","status-publish","format-standard","has-post-thumbnail","hentry","category-sommer","category-tourenberichtsenioren","tag-299","tag-bergtour","tag-berner-oberland","tag-gemmenalphorn"],"jetpack_publicize_connections":[],"jetpack_featured_media_url":"https:\/\/i0.wp.com\/sac-homberg.ch\/wordpress\/wp-content\/uploads\/2020\/07\/DSC02513.jpg?fit=1024%2C683&ssl=1","jetpack_shortlink":"https:\/\/wp.me\/p772lX-18q","jetpack_sharing_enabled":true,"_links":{"self":[{"href":"https:\/\/sac-homberg.ch\/wordpress\/wp-json\/wp\/v2\/posts\/4366","targetHints":{"allow":["GET"]}}],"collection":[{"href":"https:\/\/sac-homberg.ch\/wordpress\/wp-json\/wp\/v2\/posts"}],"about":[{"href":"https:\/\/sac-homberg.ch\/wordpress\/wp-json\/wp\/v2\/types\/post"}],"author":[{"embeddable":true,"href":"https:\/\/sac-homberg.ch\/wordpress\/wp-json\/wp\/v2\/users\/1"}],"replies":[{"embeddable":true,"href":"https:\/\/sac-homberg.ch\/wordpress\/wp-json\/wp\/v2\/comments?post=4366"}],"version-history":[{"count":1,"href":"https:\/\/sac-homberg.ch\/wordpress\/wp-json\/wp\/v2\/posts\/4366\/revisions"}],"predecessor-version":[{"id":4383,"href":"https:\/\/sac-homberg.ch\/wordpress\/wp-json\/wp\/v2\/posts\/4366\/revisions\/4383"}],"wp:featuredmedia":[{"embeddable":true,"href":"https:\/\/sac-homberg.ch\/wordpress\/wp-json\/wp\/v2\/media\/4379"}],"wp:attachment":[{"href":"https:\/\/sac-homberg.ch\/wordpress\/wp-json\/wp\/v2\/media?parent=4366"}],"wp:term":[{"taxonomy":"category","embeddable":true,"href":"https:\/\/sac-homberg.ch\/wordpress\/wp-json\/wp\/v2\/categories?post=4366"},{"taxonomy":"post_tag","embeddable":true,"href":"https:\/\/sac-homberg.ch\/wordpress\/wp-json\/wp\/v2\/tags?post=4366"}],"curies":[{"name":"wp","href":"https:\/\/api.w.org\/{rel}","templated":true}]}}