{"id":5785,"date":"2022-05-31T18:00:00","date_gmt":"2022-05-31T16:00:00","guid":{"rendered":"https:\/\/sac-homberg.ch\/wordpress\/?p=5785"},"modified":"2022-06-02T17:44:42","modified_gmt":"2022-06-02T15:44:42","slug":"bergwanderung-niederrickenbach-brisenhaus-klewenalp","status":"publish","type":"post","link":"https:\/\/sac-homberg.ch\/wordpress\/2022\/05\/bergwanderung-niederrickenbach-brisenhaus-klewenalp\/","title":{"rendered":"Bergwanderung Niederrickenbach \u2013 Brisenhaus \u00a0\u2013 Klewenalp"},"content":{"rendered":"\n<p>Vom 31. Mai 2022<\/p>\n\n\n\n<p>Tourenleiter: Guido Baumgartner<br \/>Teilnehmende (25): Marlise Betschart, Otto Bolliger, Heidi Brehm, Beatrice und Jost Bucher, Ursi Fischer, Regula und Marc Gacond, Sibylla und J\u00f6rg Haller, Therese Haller, Ruedi Hintermann, Rolf Hasler, Katharina Kamer, Ingrid und Walter Knobel, Ruth und Markus R\u00f6theli, Heidi und Peter Schaffner, Andr\u00e9 Sommerhalder, R\u00f6bi Stolz, Willi Truttmann, Brigitte Zeltner.<\/p>\n\n\n\n<!--more-->\n\n\n\n<p>Eine stattliche Schar \u00f6V- und Wanderbewegter traf sich trotz eingetr\u00fcbter und labiler Wetterprognosen um acht Uhr im Luzerner Bahnhof. Mit der Zentralbahn liessen wir uns nach Niederrickenbach Station bringen und von dort mit der Luftseilbahn zum Dorf. Mitreisende: einige kleine, putzige S\u00e4uli als Zusatzlast unter der Kabine angeh\u00e4ngt. Unsere strapazierten Nasen erholten sich auf dem Weg zum Pilgerhaus. Dort ging\u2019s zum \u00abStartschmaus\u00bb. Danach stiegen wir in zwei Gruppen in unterschiedlichem Tempo durch den Bergfr\u00fchling hoch zum Brisenhaus SAC. Im vom H\u00fcttenwart eingeheizten St\u00fcbli liessen wir\u2019s uns gut gehen. So weit \u2013 so sonnig und gem\u00fctlich. Doch beim Verlassen der H\u00fctte hiess es: Regenschutz montieren. Es rieselte sanft und die ambitioniertere Gruppe (15) nahm den Heitliberg in Angriff. Oben genossen wir die trotz leichtem Regen beachtliche Aussicht auf Innerschweizer Berge, Vierwaldst\u00e4ttersee und ins Mittelland. Nach Marcs Banjo-begleitetem Gipfelsong wanderten wir Richtung Klewenalp, wo uns kurz davor die \u00abGem\u00fctlichen 10\u00bb im \u00abAlpstubli\u00bb empfingen. Wiedervereint genossen wir Kaffee und Kuchen und danach mit der LSB nach Beckenried die Fernsicht: bis S\u00e4ntis und Hallwilersee sowie auf die Windungen des Vierwaldst\u00e4ttersees. M\u00fcde aber zufrieden an dessen Gestade angekommen, bestiegen wir den Raddampfer. Nun konnten wir 5\/4 Stunden unsere Seelen vor vorbeiziehenden Uferlandschaften baumeln lassen, plaudern, die bezaubernde Schiffsmechanik bestaunen oder am C\u00fcpli nippen.. Nach der Verabschiedung in Luzern liessen wir uns mit Bahn oder Bus in verschiedene Richtungen nach Hause bringen.<\/p>\n\n\n\n<p>Herzlichen Dank an R\u00f6bi f\u00fcr die Uebernahme der Gruppe A, Beatrice f\u00fcr\u2019s Einkassieren und allen f\u00fcr die gute Kameradschaft. Es war sch\u00f6n mit euch!<\/p>\n\n\n\n<p>Guido<\/p>\n\n\n\n<figure class=\"wp-block-gallery has-nested-images columns-default is-cropped wp-block-gallery-1 is-layout-flex wp-block-gallery-is-layout-flex\">\n<figure class=\"wp-block-image size-large\"><a href=\"https:\/\/i0.wp.com\/sac-homberg.ch\/wordpress\/wp-content\/uploads\/2022\/06\/DSC03104.jpg?ssl=1\"><img data-recalc-dims=\"1\" loading=\"lazy\" decoding=\"async\" width=\"604\" height=\"340\" data-id=\"5786\" src=\"https:\/\/i0.wp.com\/sac-homberg.ch\/wordpress\/wp-content\/uploads\/2022\/06\/DSC03104.jpg?resize=604%2C340&#038;ssl=1\" alt=\"\" class=\"wp-image-5786\" srcset=\"https:\/\/i0.wp.com\/sac-homberg.ch\/wordpress\/wp-content\/uploads\/2022\/06\/DSC03104.jpg?resize=1024%2C577&amp;ssl=1 1024w, https:\/\/i0.wp.com\/sac-homberg.ch\/wordpress\/wp-content\/uploads\/2022\/06\/DSC03104.jpg?resize=300%2C169&amp;ssl=1 300w, https:\/\/i0.wp.com\/sac-homberg.ch\/wordpress\/wp-content\/uploads\/2022\/06\/DSC03104.jpg?resize=768%2C432&amp;ssl=1 768w, https:\/\/i0.wp.com\/sac-homberg.ch\/wordpress\/wp-content\/uploads\/2022\/06\/DSC03104.jpg?resize=1200%2C675&amp;ssl=1 1200w, https:\/\/i0.wp.com\/sac-homberg.ch\/wordpress\/wp-content\/uploads\/2022\/06\/DSC03104.jpg?w=1364&amp;ssl=1 1364w\" sizes=\"auto, (max-width: 604px) 100vw, 604px\" \/><\/a><\/figure>\n\n\n\n<figure class=\"wp-block-image size-large\"><a href=\"https:\/\/i0.wp.com\/sac-homberg.ch\/wordpress\/wp-content\/uploads\/2022\/06\/DSC03110.jpg?ssl=1\"><img data-recalc-dims=\"1\" loading=\"lazy\" decoding=\"async\" width=\"604\" height=\"340\" data-id=\"5787\" src=\"https:\/\/i0.wp.com\/sac-homberg.ch\/wordpress\/wp-content\/uploads\/2022\/06\/DSC03110.jpg?resize=604%2C340&#038;ssl=1\" alt=\"\" class=\"wp-image-5787\" srcset=\"https:\/\/i0.wp.com\/sac-homberg.ch\/wordpress\/wp-content\/uploads\/2022\/06\/DSC03110.jpg?resize=1024%2C577&amp;ssl=1 1024w, https:\/\/i0.wp.com\/sac-homberg.ch\/wordpress\/wp-content\/uploads\/2022\/06\/DSC03110.jpg?resize=300%2C169&amp;ssl=1 300w, https:\/\/i0.wp.com\/sac-homberg.ch\/wordpress\/wp-content\/uploads\/2022\/06\/DSC03110.jpg?resize=768%2C432&amp;ssl=1 768w, https:\/\/i0.wp.com\/sac-homberg.ch\/wordpress\/wp-content\/uploads\/2022\/06\/DSC03110.jpg?resize=1200%2C675&amp;ssl=1 1200w, https:\/\/i0.wp.com\/sac-homberg.ch\/wordpress\/wp-content\/uploads\/2022\/06\/DSC03110.jpg?w=1364&amp;ssl=1 1364w\" sizes=\"auto, (max-width: 604px) 100vw, 604px\" \/><\/a><\/figure>\n\n\n\n<figure class=\"wp-block-image size-large\"><a href=\"https:\/\/i0.wp.com\/sac-homberg.ch\/wordpress\/wp-content\/uploads\/2022\/06\/DSC03123.jpg?ssl=1\"><img data-recalc-dims=\"1\" loading=\"lazy\" decoding=\"async\" width=\"604\" height=\"340\" data-id=\"5788\" src=\"https:\/\/i0.wp.com\/sac-homberg.ch\/wordpress\/wp-content\/uploads\/2022\/06\/DSC03123.jpg?resize=604%2C340&#038;ssl=1\" alt=\"\" class=\"wp-image-5788\" srcset=\"https:\/\/i0.wp.com\/sac-homberg.ch\/wordpress\/wp-content\/uploads\/2022\/06\/DSC03123.jpg?resize=1024%2C577&amp;ssl=1 1024w, https:\/\/i0.wp.com\/sac-homberg.ch\/wordpress\/wp-content\/uploads\/2022\/06\/DSC03123.jpg?resize=300%2C169&amp;ssl=1 300w, https:\/\/i0.wp.com\/sac-homberg.ch\/wordpress\/wp-content\/uploads\/2022\/06\/DSC03123.jpg?resize=768%2C432&amp;ssl=1 768w, https:\/\/i0.wp.com\/sac-homberg.ch\/wordpress\/wp-content\/uploads\/2022\/06\/DSC03123.jpg?resize=1200%2C675&amp;ssl=1 1200w, https:\/\/i0.wp.com\/sac-homberg.ch\/wordpress\/wp-content\/uploads\/2022\/06\/DSC03123.jpg?w=1364&amp;ssl=1 1364w\" sizes=\"auto, (max-width: 604px) 100vw, 604px\" \/><\/a><\/figure>\n\n\n\n<figure class=\"wp-block-image size-large\"><a href=\"https:\/\/i0.wp.com\/sac-homberg.ch\/wordpress\/wp-content\/uploads\/2022\/06\/DSC03128.jpg?ssl=1\"><img data-recalc-dims=\"1\" loading=\"lazy\" decoding=\"async\" width=\"604\" height=\"340\" data-id=\"5789\" src=\"https:\/\/i0.wp.com\/sac-homberg.ch\/wordpress\/wp-content\/uploads\/2022\/06\/DSC03128.jpg?resize=604%2C340&#038;ssl=1\" alt=\"\" class=\"wp-image-5789\" srcset=\"https:\/\/i0.wp.com\/sac-homberg.ch\/wordpress\/wp-content\/uploads\/2022\/06\/DSC03128.jpg?resize=1024%2C577&amp;ssl=1 1024w, https:\/\/i0.wp.com\/sac-homberg.ch\/wordpress\/wp-content\/uploads\/2022\/06\/DSC03128.jpg?resize=300%2C169&amp;ssl=1 300w, https:\/\/i0.wp.com\/sac-homberg.ch\/wordpress\/wp-content\/uploads\/2022\/06\/DSC03128.jpg?resize=768%2C432&amp;ssl=1 768w, https:\/\/i0.wp.com\/sac-homberg.ch\/wordpress\/wp-content\/uploads\/2022\/06\/DSC03128.jpg?resize=1200%2C675&amp;ssl=1 1200w, https:\/\/i0.wp.com\/sac-homberg.ch\/wordpress\/wp-content\/uploads\/2022\/06\/DSC03128.jpg?w=1364&amp;ssl=1 1364w\" sizes=\"auto, (max-width: 604px) 100vw, 604px\" \/><\/a><\/figure>\n\n\n\n<figure class=\"wp-block-image size-large\"><a href=\"https:\/\/i0.wp.com\/sac-homberg.ch\/wordpress\/wp-content\/uploads\/2022\/06\/DSC03134.jpg?ssl=1\"><img data-recalc-dims=\"1\" loading=\"lazy\" decoding=\"async\" width=\"604\" height=\"340\" data-id=\"5790\" src=\"https:\/\/i0.wp.com\/sac-homberg.ch\/wordpress\/wp-content\/uploads\/2022\/06\/DSC03134.jpg?resize=604%2C340&#038;ssl=1\" alt=\"\" class=\"wp-image-5790\" srcset=\"https:\/\/i0.wp.com\/sac-homberg.ch\/wordpress\/wp-content\/uploads\/2022\/06\/DSC03134.jpg?resize=1024%2C577&amp;ssl=1 1024w, https:\/\/i0.wp.com\/sac-homberg.ch\/wordpress\/wp-content\/uploads\/2022\/06\/DSC03134.jpg?resize=300%2C169&amp;ssl=1 300w, https:\/\/i0.wp.com\/sac-homberg.ch\/wordpress\/wp-content\/uploads\/2022\/06\/DSC03134.jpg?resize=768%2C432&amp;ssl=1 768w, https:\/\/i0.wp.com\/sac-homberg.ch\/wordpress\/wp-content\/uploads\/2022\/06\/DSC03134.jpg?resize=1200%2C675&amp;ssl=1 1200w, https:\/\/i0.wp.com\/sac-homberg.ch\/wordpress\/wp-content\/uploads\/2022\/06\/DSC03134.jpg?w=1364&amp;ssl=1 1364w\" sizes=\"auto, (max-width: 604px) 100vw, 604px\" \/><\/a><\/figure>\n\n\n\n<figure class=\"wp-block-image size-large\"><a href=\"https:\/\/i0.wp.com\/sac-homberg.ch\/wordpress\/wp-content\/uploads\/2022\/06\/WhatsApp-Image-2022-06-01-at-20.26.04-1.jpeg?ssl=1\"><img data-recalc-dims=\"1\" loading=\"lazy\" decoding=\"async\" width=\"604\" height=\"453\" data-id=\"5791\" src=\"https:\/\/i0.wp.com\/sac-homberg.ch\/wordpress\/wp-content\/uploads\/2022\/06\/WhatsApp-Image-2022-06-01-at-20.26.04-1.jpeg?resize=604%2C453&#038;ssl=1\" alt=\"\" class=\"wp-image-5791\" srcset=\"https:\/\/i0.wp.com\/sac-homberg.ch\/wordpress\/wp-content\/uploads\/2022\/06\/WhatsApp-Image-2022-06-01-at-20.26.04-1.jpeg?w=1024&amp;ssl=1 1024w, https:\/\/i0.wp.com\/sac-homberg.ch\/wordpress\/wp-content\/uploads\/2022\/06\/WhatsApp-Image-2022-06-01-at-20.26.04-1.jpeg?resize=300%2C225&amp;ssl=1 300w, https:\/\/i0.wp.com\/sac-homberg.ch\/wordpress\/wp-content\/uploads\/2022\/06\/WhatsApp-Image-2022-06-01-at-20.26.04-1.jpeg?resize=768%2C576&amp;ssl=1 768w\" sizes=\"auto, (max-width: 604px) 100vw, 604px\" \/><\/a><\/figure>\n\n\n\n<figure class=\"wp-block-image size-large\"><a href=\"https:\/\/i0.wp.com\/sac-homberg.ch\/wordpress\/wp-content\/uploads\/2022\/06\/WhatsApp-Image-2022-06-01-at-20.26.04.jpeg?ssl=1\"><img data-recalc-dims=\"1\" loading=\"lazy\" decoding=\"async\" width=\"604\" height=\"453\" data-id=\"5792\" src=\"https:\/\/i0.wp.com\/sac-homberg.ch\/wordpress\/wp-content\/uploads\/2022\/06\/WhatsApp-Image-2022-06-01-at-20.26.04.jpeg?resize=604%2C453&#038;ssl=1\" alt=\"\" class=\"wp-image-5792\" srcset=\"https:\/\/i0.wp.com\/sac-homberg.ch\/wordpress\/wp-content\/uploads\/2022\/06\/WhatsApp-Image-2022-06-01-at-20.26.04.jpeg?w=1024&amp;ssl=1 1024w, https:\/\/i0.wp.com\/sac-homberg.ch\/wordpress\/wp-content\/uploads\/2022\/06\/WhatsApp-Image-2022-06-01-at-20.26.04.jpeg?resize=300%2C225&amp;ssl=1 300w, https:\/\/i0.wp.com\/sac-homberg.ch\/wordpress\/wp-content\/uploads\/2022\/06\/WhatsApp-Image-2022-06-01-at-20.26.04.jpeg?resize=768%2C576&amp;ssl=1 768w\" sizes=\"auto, (max-width: 604px) 100vw, 604px\" \/><\/a><\/figure>\n\n\n\n<figure class=\"wp-block-image size-large\"><a href=\"https:\/\/i0.wp.com\/sac-homberg.ch\/wordpress\/wp-content\/uploads\/2022\/06\/WhatsApp-Image-2022-06-01-at-20.26.05-1.jpeg?ssl=1\"><img data-recalc-dims=\"1\" loading=\"lazy\" decoding=\"async\" width=\"604\" height=\"453\" data-id=\"5795\" src=\"https:\/\/i0.wp.com\/sac-homberg.ch\/wordpress\/wp-content\/uploads\/2022\/06\/WhatsApp-Image-2022-06-01-at-20.26.05-1.jpeg?resize=604%2C453&#038;ssl=1\" alt=\"\" class=\"wp-image-5795\" srcset=\"https:\/\/i0.wp.com\/sac-homberg.ch\/wordpress\/wp-content\/uploads\/2022\/06\/WhatsApp-Image-2022-06-01-at-20.26.05-1.jpeg?w=1024&amp;ssl=1 1024w, https:\/\/i0.wp.com\/sac-homberg.ch\/wordpress\/wp-content\/uploads\/2022\/06\/WhatsApp-Image-2022-06-01-at-20.26.05-1.jpeg?resize=300%2C225&amp;ssl=1 300w, https:\/\/i0.wp.com\/sac-homberg.ch\/wordpress\/wp-content\/uploads\/2022\/06\/WhatsApp-Image-2022-06-01-at-20.26.05-1.jpeg?resize=768%2C576&amp;ssl=1 768w\" sizes=\"auto, (max-width: 604px) 100vw, 604px\" \/><\/a><\/figure>\n\n\n\n<figure class=\"wp-block-image size-large\"><a href=\"https:\/\/i0.wp.com\/sac-homberg.ch\/wordpress\/wp-content\/uploads\/2022\/06\/WhatsApp-Image-2022-06-01-at-20.26.05.jpeg?ssl=1\"><img data-recalc-dims=\"1\" loading=\"lazy\" decoding=\"async\" width=\"604\" height=\"453\" data-id=\"5793\" src=\"https:\/\/i0.wp.com\/sac-homberg.ch\/wordpress\/wp-content\/uploads\/2022\/06\/WhatsApp-Image-2022-06-01-at-20.26.05.jpeg?resize=604%2C453&#038;ssl=1\" alt=\"\" class=\"wp-image-5793\" srcset=\"https:\/\/i0.wp.com\/sac-homberg.ch\/wordpress\/wp-content\/uploads\/2022\/06\/WhatsApp-Image-2022-06-01-at-20.26.05.jpeg?w=1024&amp;ssl=1 1024w, https:\/\/i0.wp.com\/sac-homberg.ch\/wordpress\/wp-content\/uploads\/2022\/06\/WhatsApp-Image-2022-06-01-at-20.26.05.jpeg?resize=300%2C225&amp;ssl=1 300w, https:\/\/i0.wp.com\/sac-homberg.ch\/wordpress\/wp-content\/uploads\/2022\/06\/WhatsApp-Image-2022-06-01-at-20.26.05.jpeg?resize=768%2C576&amp;ssl=1 768w\" sizes=\"auto, (max-width: 604px) 100vw, 604px\" \/><\/a><\/figure>\n\n\n\n<figure class=\"wp-block-image size-large\"><a href=\"https:\/\/i0.wp.com\/sac-homberg.ch\/wordpress\/wp-content\/uploads\/2022\/06\/WhatsApp-Image-2022-06-01-at-20.26.06-1.jpeg?ssl=1\"><img data-recalc-dims=\"1\" loading=\"lazy\" decoding=\"async\" width=\"604\" height=\"453\" data-id=\"5794\" src=\"https:\/\/i0.wp.com\/sac-homberg.ch\/wordpress\/wp-content\/uploads\/2022\/06\/WhatsApp-Image-2022-06-01-at-20.26.06-1.jpeg?resize=604%2C453&#038;ssl=1\" alt=\"\" class=\"wp-image-5794\" srcset=\"https:\/\/i0.wp.com\/sac-homberg.ch\/wordpress\/wp-content\/uploads\/2022\/06\/WhatsApp-Image-2022-06-01-at-20.26.06-1.jpeg?w=1024&amp;ssl=1 1024w, https:\/\/i0.wp.com\/sac-homberg.ch\/wordpress\/wp-content\/uploads\/2022\/06\/WhatsApp-Image-2022-06-01-at-20.26.06-1.jpeg?resize=300%2C225&amp;ssl=1 300w, https:\/\/i0.wp.com\/sac-homberg.ch\/wordpress\/wp-content\/uploads\/2022\/06\/WhatsApp-Image-2022-06-01-at-20.26.06-1.jpeg?resize=768%2C576&amp;ssl=1 768w\" sizes=\"auto, (max-width: 604px) 100vw, 604px\" \/><\/a><\/figure>\n\n\n\n<figure class=\"wp-block-image size-large\"><a href=\"https:\/\/i0.wp.com\/sac-homberg.ch\/wordpress\/wp-content\/uploads\/2022\/06\/WhatsApp-Image-2022-06-01-at-20.26.06.jpeg?ssl=1\"><img data-recalc-dims=\"1\" loading=\"lazy\" decoding=\"async\" width=\"604\" height=\"453\" data-id=\"5797\" src=\"https:\/\/i0.wp.com\/sac-homberg.ch\/wordpress\/wp-content\/uploads\/2022\/06\/WhatsApp-Image-2022-06-01-at-20.26.06.jpeg?resize=604%2C453&#038;ssl=1\" alt=\"\" class=\"wp-image-5797\" srcset=\"https:\/\/i0.wp.com\/sac-homberg.ch\/wordpress\/wp-content\/uploads\/2022\/06\/WhatsApp-Image-2022-06-01-at-20.26.06.jpeg?w=1024&amp;ssl=1 1024w, https:\/\/i0.wp.com\/sac-homberg.ch\/wordpress\/wp-content\/uploads\/2022\/06\/WhatsApp-Image-2022-06-01-at-20.26.06.jpeg?resize=300%2C225&amp;ssl=1 300w, https:\/\/i0.wp.com\/sac-homberg.ch\/wordpress\/wp-content\/uploads\/2022\/06\/WhatsApp-Image-2022-06-01-at-20.26.06.jpeg?resize=768%2C576&amp;ssl=1 768w\" sizes=\"auto, (max-width: 604px) 100vw, 604px\" \/><\/a><\/figure>\n\n\n\n<figure class=\"wp-block-image size-large\"><a href=\"https:\/\/i0.wp.com\/sac-homberg.ch\/wordpress\/wp-content\/uploads\/2022\/06\/WhatsApp-Image-2022-06-01-at-20.26.07.jpeg?ssl=1\"><img data-recalc-dims=\"1\" loading=\"lazy\" decoding=\"async\" width=\"604\" height=\"453\" data-id=\"5796\" src=\"https:\/\/i0.wp.com\/sac-homberg.ch\/wordpress\/wp-content\/uploads\/2022\/06\/WhatsApp-Image-2022-06-01-at-20.26.07.jpeg?resize=604%2C453&#038;ssl=1\" alt=\"\" class=\"wp-image-5796\" srcset=\"https:\/\/i0.wp.com\/sac-homberg.ch\/wordpress\/wp-content\/uploads\/2022\/06\/WhatsApp-Image-2022-06-01-at-20.26.07.jpeg?w=1024&amp;ssl=1 1024w, https:\/\/i0.wp.com\/sac-homberg.ch\/wordpress\/wp-content\/uploads\/2022\/06\/WhatsApp-Image-2022-06-01-at-20.26.07.jpeg?resize=300%2C225&amp;ssl=1 300w, https:\/\/i0.wp.com\/sac-homberg.ch\/wordpress\/wp-content\/uploads\/2022\/06\/WhatsApp-Image-2022-06-01-at-20.26.07.jpeg?resize=768%2C576&amp;ssl=1 768w\" sizes=\"auto, (max-width: 604px) 100vw, 604px\" \/><\/a><\/figure>\n<\/figure>\n","protected":false},"excerpt":{"rendered":"<p>Vom 31. Mai 2022 Tourenleiter: Guido BaumgartnerTeilnehmende (25): Marlise Betschart, Otto Bolliger, Heidi Brehm, Beatrice und Jost Bucher, Ursi Fischer, Regula und Marc Gacond, Sibylla und J\u00f6rg Haller, Therese Haller, Ruedi Hintermann, Rolf Hasler, Katharina Kamer, Ingrid und Walter Knobel, Ruth und Markus R\u00f6theli, Heidi und Peter Schaffner, Andr\u00e9 Sommerhalder, R\u00f6bi Stolz, Willi Truttmann, Brigitte &hellip; <a href=\"https:\/\/sac-homberg.ch\/wordpress\/2022\/05\/bergwanderung-niederrickenbach-brisenhaus-klewenalp\/\" class=\"more-link\"><span class=\"screen-reader-text\">Bergwanderung Niederrickenbach \u2013 Brisenhaus \u00a0\u2013 Klewenalp<\/span> weiterlesen <span class=\"meta-nav\">&rarr;<\/span><\/a><\/p>\n","protected":false},"author":1,"featured_media":5795,"comment_status":"open","ping_status":"open","sticky":false,"template":"","format":"standard","meta":{"_monsterinsights_skip_tracking":false,"_monsterinsights_sitenote_active":false,"_monsterinsights_sitenote_note":"","_monsterinsights_sitenote_category":0,"jetpack_post_was_ever_published":false,"_jetpack_newsletter_access":"","_jetpack_dont_email_post_to_subs":false,"_jetpack_newsletter_tier_id":0,"_jetpack_memberships_contains_paywalled_content":false,"_jetpack_memberships_contains_paid_content":false,"footnotes":"","jetpack_publicize_message":"Die Senioren wanderten auf der Klewenalp.","jetpack_publicize_feature_enabled":true,"jetpack_social_post_already_shared":true,"jetpack_social_options":{"image_generator_settings":{"template":"highway","default_image_id":0,"font":"","enabled":false},"version":2}},"categories":[78,27],"tags":[393,60,423,24],"class_list":["post-5785","post","type-post","status-publish","format-standard","has-post-thumbnail","hentry","category-fruehling","category-tourenberichtsenioren","tag-393","tag-innerschweiz","tag-klewenalp","tag-wandern"],"jetpack_publicize_connections":[],"jetpack_featured_media_url":"https:\/\/i0.wp.com\/sac-homberg.ch\/wordpress\/wp-content\/uploads\/2022\/06\/WhatsApp-Image-2022-06-01-at-20.26.05-1.jpeg?fit=1024%2C768&ssl=1","jetpack_shortlink":"https:\/\/wp.me\/p772lX-1vj","jetpack_sharing_enabled":true,"_links":{"self":[{"href":"https:\/\/sac-homberg.ch\/wordpress\/wp-json\/wp\/v2\/posts\/5785","targetHints":{"allow":["GET"]}}],"collection":[{"href":"https:\/\/sac-homberg.ch\/wordpress\/wp-json\/wp\/v2\/posts"}],"about":[{"href":"https:\/\/sac-homberg.ch\/wordpress\/wp-json\/wp\/v2\/types\/post"}],"author":[{"embeddable":true,"href":"https:\/\/sac-homberg.ch\/wordpress\/wp-json\/wp\/v2\/users\/1"}],"replies":[{"embeddable":true,"href":"https:\/\/sac-homberg.ch\/wordpress\/wp-json\/wp\/v2\/comments?post=5785"}],"version-history":[{"count":1,"href":"https:\/\/sac-homberg.ch\/wordpress\/wp-json\/wp\/v2\/posts\/5785\/revisions"}],"predecessor-version":[{"id":5798,"href":"https:\/\/sac-homberg.ch\/wordpress\/wp-json\/wp\/v2\/posts\/5785\/revisions\/5798"}],"wp:featuredmedia":[{"embeddable":true,"href":"https:\/\/sac-homberg.ch\/wordpress\/wp-json\/wp\/v2\/media\/5795"}],"wp:attachment":[{"href":"https:\/\/sac-homberg.ch\/wordpress\/wp-json\/wp\/v2\/media?parent=5785"}],"wp:term":[{"taxonomy":"category","embeddable":true,"href":"https:\/\/sac-homberg.ch\/wordpress\/wp-json\/wp\/v2\/categories?post=5785"},{"taxonomy":"post_tag","embeddable":true,"href":"https:\/\/sac-homberg.ch\/wordpress\/wp-json\/wp\/v2\/tags?post=5785"}],"curies":[{"name":"wp","href":"https:\/\/api.w.org\/{rel}","templated":true}]}}