{"id":5829,"date":"2022-06-21T18:00:00","date_gmt":"2022-06-21T16:00:00","guid":{"rendered":"https:\/\/sac-homberg.ch\/wordpress\/?p=5829"},"modified":"2022-06-26T09:58:02","modified_gmt":"2022-06-26T07:58:02","slug":"bergtour-wilerhorn","status":"publish","type":"post","link":"https:\/\/sac-homberg.ch\/wordpress\/2022\/06\/bergtour-wilerhorn\/","title":{"rendered":"Bergtour Wilerhorn"},"content":{"rendered":"\n<p>vom 21. Juni 2022<\/p>\n\n\n\n<p>TL&nbsp; Guido Baumgartner<\/p>\n\n\n\n<p>Teilnehmende (11): Willi Truttmann, Brigitte Zeltner, Katharina Kamer, Andr\u00e9 Baettig, Theo Bachmann, Monique Vogel, Beatrice und Jost Bucher, Samuel Moser, Kristin Baumgartner &nbsp;<\/p>\n\n\n\n<p>Angereist mit \u00f6V (6), ab Luzern bzw. Interlaken auf der imposanten Zentralbahnstrecke oder mit Pw (5) bis nach Lungern, um dann auf die Bahn umzusteigen, st\u00e4rkten wir uns im Restaurant Br\u00fcnig Kulm. Die Wanderroute begann gleich gegen\u00fcber. Die eingetr\u00fcbte Wetterprognose verbesserte sich von gewittrig zu ziemlich sch\u00f6n und hielt ihr Versprechen mit Ausnahme von wenigen Tropfen und einem kurzen Donnergrollen beim Aufstieg. <\/p>\n\n\n\n<!--more-->\n\n\n\n<p>Dieser erfolgte durch l\u00e4ngere Waldabschnitte, weite Felder und vorbei an Alpweiden mit Blick auf den Brienzersee in der Tiefe und die Berner Alpen. Nach einer kr\u00e4ftespendenden Pause mit viel Fl\u00fcssigkeitsersatz wurde es nun wirklich steil bis zum Erreichen der Krete. Dort pr\u00e4sentierten sich uns bei einer weiteren Pause die Innerschweizer Alpenwelt mit dem tiefgr\u00fcnen Lungernsee, dem Sarner- und in der Ferne dem Vierwaldst\u00e4ttersee sowie zahlreiche bekannte Gipfel wie Pilatus, Rigi und Stanserhorn. Unter aufgeblautem Himmel, von einem angenehmen L\u00fcftchen verw\u00f6hnt, genoss unsere famili\u00e4re Gruppe den H\u00f6hepunkt dieser Tour: eine blumenges\u00e4umte Krete, die sich nur auf einer kurzen Strecke zu einem gut passablen Grat verd\u00fcnnte. Ein Paradies f\u00fcr Alpenblumenfreunde: Alpenrosen, Enziane und vor allem: ganze Wiesen voller weisser Berganemonen und prallen Ank\u00e4b\u00e4lli. Ein Nacktwanderer wich uns elegant aus, bevor wir uns auf dem Gipfel gem\u00fctlich st\u00e4rkten und die Augen \u00fcber Brienzer Grat bis Thunersee und Niesen oder \u00fcber die Wetterhorn Gruppe bis zum Sustenhorn schweifen liessen.<\/p>\n\n\n\n<p>Entspannt stiegen wir den breiten immer noch blumenreichen Grat runter bis \u00abT\u00fcfengrat\u00bb und sanft r\u00fcber zum \u00abBreitenfeld\u00bb, wo eine Trinksitzpause an einem langen Tisch einer Alp angesagt war. Auf Turren, dem Ziel unserer Bergwanderung angekommen, l\u00f6schten wir auf der lauschigen Restaurant Terrasse unseren Durst, plauderten ausgiebig und bestaunten unsere zur\u00fcckliegende, erf\u00fcllende Bergtour. Schliesslich ging\u2019s mit der LSB runter zu den Autos bzw. zum Kleinbus, der die \u00f6V-ler gerade noch rechtzeitig zum Bahnhof brachte.<\/p>\n\n\n\n<p><strong>Tourendaten<\/strong>: 1060 Hm Aufstieg, 560 Abstieg, 10 km, 5 h Nettowanderzeit. Wetter: Ziemlich sch\u00f6n \u2013 kurze Eintr\u00fcbung \u2013 sch\u00f6n, warm, meist angenehmes L\u00fcftchen. (zu Hause \u00fcber 30\u00b0..)<\/p>\n\n\n\n<p>Ich danke euch allen f\u00fcr die famili\u00e4re Kameradschaft und gute Stimmung!<\/p>\n\n\n\n<p>Guido<\/p>\n\n\n\n<figure class=\"wp-block-gallery has-nested-images columns-default is-cropped wp-block-gallery-1 is-layout-flex wp-block-gallery-is-layout-flex\">\n<figure class=\"wp-block-image size-large\"><a href=\"https:\/\/i0.wp.com\/sac-homberg.ch\/wordpress\/wp-content\/uploads\/2022\/06\/WhatsApp-Image-2022-06-22-at-14.50.22-1.jpeg?ssl=1\"><img data-recalc-dims=\"1\" loading=\"lazy\" decoding=\"async\" width=\"604\" height=\"453\" data-id=\"5830\" src=\"https:\/\/i0.wp.com\/sac-homberg.ch\/wordpress\/wp-content\/uploads\/2022\/06\/WhatsApp-Image-2022-06-22-at-14.50.22-1.jpeg?resize=604%2C453&#038;ssl=1\" alt=\"\" class=\"wp-image-5830\" srcset=\"https:\/\/i0.wp.com\/sac-homberg.ch\/wordpress\/wp-content\/uploads\/2022\/06\/WhatsApp-Image-2022-06-22-at-14.50.22-1.jpeg?w=1024&amp;ssl=1 1024w, https:\/\/i0.wp.com\/sac-homberg.ch\/wordpress\/wp-content\/uploads\/2022\/06\/WhatsApp-Image-2022-06-22-at-14.50.22-1.jpeg?resize=300%2C225&amp;ssl=1 300w, https:\/\/i0.wp.com\/sac-homberg.ch\/wordpress\/wp-content\/uploads\/2022\/06\/WhatsApp-Image-2022-06-22-at-14.50.22-1.jpeg?resize=768%2C576&amp;ssl=1 768w\" sizes=\"auto, (max-width: 604px) 100vw, 604px\" \/><\/a><\/figure>\n\n\n\n<figure class=\"wp-block-image size-large\"><a href=\"https:\/\/i0.wp.com\/sac-homberg.ch\/wordpress\/wp-content\/uploads\/2022\/06\/WhatsApp-Image-2022-06-22-at-14.50.22-2.jpeg?ssl=1\"><img data-recalc-dims=\"1\" loading=\"lazy\" decoding=\"async\" width=\"604\" height=\"805\" data-id=\"5831\" src=\"https:\/\/i0.wp.com\/sac-homberg.ch\/wordpress\/wp-content\/uploads\/2022\/06\/WhatsApp-Image-2022-06-22-at-14.50.22-2.jpeg?resize=604%2C805&#038;ssl=1\" alt=\"\" class=\"wp-image-5831\" srcset=\"https:\/\/i0.wp.com\/sac-homberg.ch\/wordpress\/wp-content\/uploads\/2022\/06\/WhatsApp-Image-2022-06-22-at-14.50.22-2.jpeg?w=768&amp;ssl=1 768w, https:\/\/i0.wp.com\/sac-homberg.ch\/wordpress\/wp-content\/uploads\/2022\/06\/WhatsApp-Image-2022-06-22-at-14.50.22-2.jpeg?resize=225%2C300&amp;ssl=1 225w\" sizes=\"auto, (max-width: 604px) 100vw, 604px\" \/><\/a><\/figure>\n\n\n\n<figure class=\"wp-block-image size-large\"><a href=\"https:\/\/i0.wp.com\/sac-homberg.ch\/wordpress\/wp-content\/uploads\/2022\/06\/WhatsApp-Image-2022-06-22-at-14.50.22-3.jpeg?ssl=1\"><img data-recalc-dims=\"1\" loading=\"lazy\" decoding=\"async\" width=\"604\" height=\"453\" data-id=\"5832\" src=\"https:\/\/i0.wp.com\/sac-homberg.ch\/wordpress\/wp-content\/uploads\/2022\/06\/WhatsApp-Image-2022-06-22-at-14.50.22-3.jpeg?resize=604%2C453&#038;ssl=1\" alt=\"\" class=\"wp-image-5832\" srcset=\"https:\/\/i0.wp.com\/sac-homberg.ch\/wordpress\/wp-content\/uploads\/2022\/06\/WhatsApp-Image-2022-06-22-at-14.50.22-3.jpeg?w=1024&amp;ssl=1 1024w, https:\/\/i0.wp.com\/sac-homberg.ch\/wordpress\/wp-content\/uploads\/2022\/06\/WhatsApp-Image-2022-06-22-at-14.50.22-3.jpeg?resize=300%2C225&amp;ssl=1 300w, https:\/\/i0.wp.com\/sac-homberg.ch\/wordpress\/wp-content\/uploads\/2022\/06\/WhatsApp-Image-2022-06-22-at-14.50.22-3.jpeg?resize=768%2C576&amp;ssl=1 768w\" sizes=\"auto, (max-width: 604px) 100vw, 604px\" \/><\/a><\/figure>\n\n\n\n<figure class=\"wp-block-image size-large\"><a href=\"https:\/\/i0.wp.com\/sac-homberg.ch\/wordpress\/wp-content\/uploads\/2022\/06\/WhatsApp-Image-2022-06-22-at-14.50.22-4.jpeg?ssl=1\"><img data-recalc-dims=\"1\" loading=\"lazy\" decoding=\"async\" width=\"604\" height=\"453\" data-id=\"5834\" src=\"https:\/\/i0.wp.com\/sac-homberg.ch\/wordpress\/wp-content\/uploads\/2022\/06\/WhatsApp-Image-2022-06-22-at-14.50.22-4.jpeg?resize=604%2C453&#038;ssl=1\" alt=\"\" class=\"wp-image-5834\" srcset=\"https:\/\/i0.wp.com\/sac-homberg.ch\/wordpress\/wp-content\/uploads\/2022\/06\/WhatsApp-Image-2022-06-22-at-14.50.22-4.jpeg?w=1024&amp;ssl=1 1024w, https:\/\/i0.wp.com\/sac-homberg.ch\/wordpress\/wp-content\/uploads\/2022\/06\/WhatsApp-Image-2022-06-22-at-14.50.22-4.jpeg?resize=300%2C225&amp;ssl=1 300w, https:\/\/i0.wp.com\/sac-homberg.ch\/wordpress\/wp-content\/uploads\/2022\/06\/WhatsApp-Image-2022-06-22-at-14.50.22-4.jpeg?resize=768%2C576&amp;ssl=1 768w\" sizes=\"auto, (max-width: 604px) 100vw, 604px\" \/><\/a><\/figure>\n\n\n\n<figure class=\"wp-block-image size-large\"><a href=\"https:\/\/i0.wp.com\/sac-homberg.ch\/wordpress\/wp-content\/uploads\/2022\/06\/WhatsApp-Image-2022-06-22-at-14.50.22.jpeg?ssl=1\"><img data-recalc-dims=\"1\" loading=\"lazy\" decoding=\"async\" width=\"604\" height=\"453\" data-id=\"5833\" src=\"https:\/\/i0.wp.com\/sac-homberg.ch\/wordpress\/wp-content\/uploads\/2022\/06\/WhatsApp-Image-2022-06-22-at-14.50.22.jpeg?resize=604%2C453&#038;ssl=1\" alt=\"\" class=\"wp-image-5833\" srcset=\"https:\/\/i0.wp.com\/sac-homberg.ch\/wordpress\/wp-content\/uploads\/2022\/06\/WhatsApp-Image-2022-06-22-at-14.50.22.jpeg?w=1024&amp;ssl=1 1024w, https:\/\/i0.wp.com\/sac-homberg.ch\/wordpress\/wp-content\/uploads\/2022\/06\/WhatsApp-Image-2022-06-22-at-14.50.22.jpeg?resize=300%2C225&amp;ssl=1 300w, https:\/\/i0.wp.com\/sac-homberg.ch\/wordpress\/wp-content\/uploads\/2022\/06\/WhatsApp-Image-2022-06-22-at-14.50.22.jpeg?resize=768%2C576&amp;ssl=1 768w\" sizes=\"auto, (max-width: 604px) 100vw, 604px\" \/><\/a><\/figure>\n\n\n\n<figure class=\"wp-block-image size-large\"><a href=\"https:\/\/i0.wp.com\/sac-homberg.ch\/wordpress\/wp-content\/uploads\/2022\/06\/WhatsApp-Image-2022-06-22-at-14.51.35.jpeg?ssl=1\"><img data-recalc-dims=\"1\" loading=\"lazy\" decoding=\"async\" width=\"604\" height=\"805\" data-id=\"5835\" src=\"https:\/\/i0.wp.com\/sac-homberg.ch\/wordpress\/wp-content\/uploads\/2022\/06\/WhatsApp-Image-2022-06-22-at-14.51.35.jpeg?resize=604%2C805&#038;ssl=1\" alt=\"\" class=\"wp-image-5835\" srcset=\"https:\/\/i0.wp.com\/sac-homberg.ch\/wordpress\/wp-content\/uploads\/2022\/06\/WhatsApp-Image-2022-06-22-at-14.51.35.jpeg?resize=768%2C1024&amp;ssl=1 768w, https:\/\/i0.wp.com\/sac-homberg.ch\/wordpress\/wp-content\/uploads\/2022\/06\/WhatsApp-Image-2022-06-22-at-14.51.35.jpeg?resize=225%2C300&amp;ssl=1 225w, https:\/\/i0.wp.com\/sac-homberg.ch\/wordpress\/wp-content\/uploads\/2022\/06\/WhatsApp-Image-2022-06-22-at-14.51.35.jpeg?resize=1152%2C1536&amp;ssl=1 1152w, https:\/\/i0.wp.com\/sac-homberg.ch\/wordpress\/wp-content\/uploads\/2022\/06\/WhatsApp-Image-2022-06-22-at-14.51.35.jpeg?w=1536&amp;ssl=1 1536w, https:\/\/i0.wp.com\/sac-homberg.ch\/wordpress\/wp-content\/uploads\/2022\/06\/WhatsApp-Image-2022-06-22-at-14.51.35.jpeg?w=1208&amp;ssl=1 1208w\" sizes=\"auto, (max-width: 604px) 100vw, 604px\" \/><\/a><\/figure>\n\n\n\n<figure class=\"wp-block-image size-large\"><a href=\"https:\/\/i0.wp.com\/sac-homberg.ch\/wordpress\/wp-content\/uploads\/2022\/06\/WhatsApp-Image-2022-06-22-at-14.51.36.jpeg?ssl=1\"><img data-recalc-dims=\"1\" loading=\"lazy\" decoding=\"async\" width=\"604\" height=\"805\" data-id=\"5836\" src=\"https:\/\/i0.wp.com\/sac-homberg.ch\/wordpress\/wp-content\/uploads\/2022\/06\/WhatsApp-Image-2022-06-22-at-14.51.36.jpeg?resize=604%2C805&#038;ssl=1\" alt=\"\" class=\"wp-image-5836\" srcset=\"https:\/\/i0.wp.com\/sac-homberg.ch\/wordpress\/wp-content\/uploads\/2022\/06\/WhatsApp-Image-2022-06-22-at-14.51.36.jpeg?resize=768%2C1024&amp;ssl=1 768w, https:\/\/i0.wp.com\/sac-homberg.ch\/wordpress\/wp-content\/uploads\/2022\/06\/WhatsApp-Image-2022-06-22-at-14.51.36.jpeg?resize=225%2C300&amp;ssl=1 225w, https:\/\/i0.wp.com\/sac-homberg.ch\/wordpress\/wp-content\/uploads\/2022\/06\/WhatsApp-Image-2022-06-22-at-14.51.36.jpeg?resize=1152%2C1536&amp;ssl=1 1152w, https:\/\/i0.wp.com\/sac-homberg.ch\/wordpress\/wp-content\/uploads\/2022\/06\/WhatsApp-Image-2022-06-22-at-14.51.36.jpeg?w=1536&amp;ssl=1 1536w, https:\/\/i0.wp.com\/sac-homberg.ch\/wordpress\/wp-content\/uploads\/2022\/06\/WhatsApp-Image-2022-06-22-at-14.51.36.jpeg?w=1208&amp;ssl=1 1208w\" sizes=\"auto, (max-width: 604px) 100vw, 604px\" \/><\/a><\/figure>\n<\/figure>\n","protected":false},"excerpt":{"rendered":"<p>vom 21. Juni 2022 TL&nbsp; Guido Baumgartner Teilnehmende (11): Willi Truttmann, Brigitte Zeltner, Katharina Kamer, Andr\u00e9 Baettig, Theo Bachmann, Monique Vogel, Beatrice und Jost Bucher, Samuel Moser, Kristin Baumgartner &nbsp; Angereist mit \u00f6V (6), ab Luzern bzw. Interlaken auf der imposanten Zentralbahnstrecke oder mit Pw (5) bis nach Lungern, um dann auf die Bahn umzusteigen, &hellip; <a href=\"https:\/\/sac-homberg.ch\/wordpress\/2022\/06\/bergtour-wilerhorn\/\" class=\"more-link\"><span class=\"screen-reader-text\">Bergtour Wilerhorn<\/span> weiterlesen <span class=\"meta-nav\">&rarr;<\/span><\/a><\/p>\n","protected":false},"author":1,"featured_media":5830,"comment_status":"open","ping_status":"open","sticky":false,"template":"","format":"standard","meta":{"_monsterinsights_skip_tracking":false,"_monsterinsights_sitenote_active":false,"_monsterinsights_sitenote_note":"","_monsterinsights_sitenote_category":0,"jetpack_post_was_ever_published":false,"_jetpack_newsletter_access":"","_jetpack_dont_email_post_to_subs":false,"_jetpack_newsletter_tier_id":0,"_jetpack_memberships_contains_paywalled_content":false,"_jetpack_memberships_contains_paid_content":false,"footnotes":"","jetpack_publicize_message":"Die Bergtour der Senioren aufs Wilerhorn ","jetpack_publicize_feature_enabled":true,"jetpack_social_post_already_shared":true,"jetpack_social_options":{"image_generator_settings":{"template":"highway","default_image_id":0,"font":"","enabled":false},"version":2}},"categories":[79,27],"tags":[393,135,426,425],"class_list":["post-5829","post","type-post","status-publish","format-standard","has-post-thumbnail","hentry","category-sommer","category-tourenberichtsenioren","tag-393","tag-bergtour","tag-bruenig","tag-wilerhorn"],"jetpack_publicize_connections":[],"jetpack_featured_media_url":"https:\/\/i0.wp.com\/sac-homberg.ch\/wordpress\/wp-content\/uploads\/2022\/06\/WhatsApp-Image-2022-06-22-at-14.50.22-1.jpeg?fit=1024%2C768&ssl=1","jetpack_shortlink":"https:\/\/wp.me\/p772lX-1w1","jetpack_sharing_enabled":true,"_links":{"self":[{"href":"https:\/\/sac-homberg.ch\/wordpress\/wp-json\/wp\/v2\/posts\/5829","targetHints":{"allow":["GET"]}}],"collection":[{"href":"https:\/\/sac-homberg.ch\/wordpress\/wp-json\/wp\/v2\/posts"}],"about":[{"href":"https:\/\/sac-homberg.ch\/wordpress\/wp-json\/wp\/v2\/types\/post"}],"author":[{"embeddable":true,"href":"https:\/\/sac-homberg.ch\/wordpress\/wp-json\/wp\/v2\/users\/1"}],"replies":[{"embeddable":true,"href":"https:\/\/sac-homberg.ch\/wordpress\/wp-json\/wp\/v2\/comments?post=5829"}],"version-history":[{"count":1,"href":"https:\/\/sac-homberg.ch\/wordpress\/wp-json\/wp\/v2\/posts\/5829\/revisions"}],"predecessor-version":[{"id":5837,"href":"https:\/\/sac-homberg.ch\/wordpress\/wp-json\/wp\/v2\/posts\/5829\/revisions\/5837"}],"wp:featuredmedia":[{"embeddable":true,"href":"https:\/\/sac-homberg.ch\/wordpress\/wp-json\/wp\/v2\/media\/5830"}],"wp:attachment":[{"href":"https:\/\/sac-homberg.ch\/wordpress\/wp-json\/wp\/v2\/media?parent=5829"}],"wp:term":[{"taxonomy":"category","embeddable":true,"href":"https:\/\/sac-homberg.ch\/wordpress\/wp-json\/wp\/v2\/categories?post=5829"},{"taxonomy":"post_tag","embeddable":true,"href":"https:\/\/sac-homberg.ch\/wordpress\/wp-json\/wp\/v2\/tags?post=5829"}],"curies":[{"name":"wp","href":"https:\/\/api.w.org\/{rel}","templated":true}]}}