{"id":6140,"date":"2022-10-11T18:00:00","date_gmt":"2022-10-11T16:00:00","guid":{"rendered":"https:\/\/sac-homberg.ch\/wordpress\/?p=6140"},"modified":"2022-10-15T16:16:25","modified_gmt":"2022-10-15T14:16:25","slug":"seniorenwanderung-zum-hoehronen","status":"publish","type":"post","link":"https:\/\/sac-homberg.ch\/wordpress\/2022\/10\/seniorenwanderung-zum-hoehronen\/","title":{"rendered":"Seniorenwanderung  zum H\u00f6hronen"},"content":{"rendered":"\n<p>Vom 11. Oktober 2022<\/p>\n\n\n\n<p>An- und Heimreise: mit \u00d6V<br \/>Start: Ober\u00e4geri Station<br \/>Anzahl Teilnehmer: 13<br \/>Startkaffee: Gasthaus B\u00e4ren<br \/>Ende der Wanderung: Bahnhof Biberbrugg<\/p>\n\n\n\n<p>Teilnehmer: Ruth R\u00f6teli; Esther und Urs Hupfer; Kristin und Guido Baumgartner; Willi Truttmann; J\u00f6rg Haller; Brigitte Zeltner Widmer; Marlise Betschart; Monique Vogel; Sam Moser; Marta und Theo Bachmann<\/p>\n\n\n\n<p>Getroffen haben wir uns bereits auf dem Bahnhofplatz in Zug. Mit einer rund 20-min\u00fctigen Fahrt im Expressbus erreichten wir den vereinbarten Startpunkt in Ober\u00e4geri. Nach dem Startkaffee im B\u00e4ren konnte die Wanderung gem\u00fctlich beginnen. <\/p>\n\n\n\n<!--more-->\n\n\n\n<p>Zuerst, den recht engen Strassen von Ober\u00e4geri entlang, erreichten wir die Abzweigung Richtung Alosen. Die Strasse beginnt hier zu steigen und gibt den Blick auf den \u00c4gerisee und das Bergpanorama frei. Die Temperatur war so richtig gut zum Wandern, einziger kleiner Nachteil der Weg ist asphaltiert. Nachdem Alosen hinter uns lag, kamen wir auf Naturwegen in den Wald. Den Wald verliessen wir bis fast ans Ende der Wanderung nicht mehr. Ein erster H\u00f6hepunkt erreichten wir mit der Muetegg (etwas \u00fcber 1200m\u00fcM). Ein kurzer Abstieg und bald darauf kamen wir beim Bellevue Gottschalkenberg an. Leider war die &#8222;Vue&#8220; nicht so &#8222;belle&#8220;. Nebel, der vom Z\u00fcrichsee heraufkam, verh\u00fcllte das von mir versprochene Panorama. Da es bereits gegen Mittag ging, beschlossen wir die Mittagsrast hier zu machen und hofften, dass sich der Nebel in der Zwischenzeit verzieht. Bei der Feuerstelle sassen wir gem\u00fctlich zusammen und st\u00e4rkten uns. Doch der Nebel war hartn\u00e4ckig und blieb einfach liegen. Da noch ein gutes St\u00fcck Weg vor uns lag, mussten wir aufbrechen und konnten nicht weiter abwarten.<\/p>\n\n\n\n<p>Nach knapp hundert Meter abw\u00e4rts, bis zum Sparenbach, folgte der Aufstieg zur H\u00f6hronen (1229m\u00fcM). Dem Grat und der Kantonsgrenze (Zug \/ Z\u00fcrich) folgend, am Dreil\u00e4nderstein vorbei, zum Wildspitz (1206m\u00fcM) kamen wir recht z\u00fcgig voran. Die beiden gr\u00f6sseren Aufstiege lagen ja hinter uns. Zwischenzeitlich hatte sich der Nebel etwas gelichtet und wir konnten in der Ferne die Stadt Z\u00fcrich gerade so knapp ausmachen. Nach Tomislochh\u00f6chi begann der zum Teil recht steile Abstieg. Wegen Holzschlag gesperrt, mussten wir Fuseli links liegen lassen und nicht auf der geplanten Route, sondern mit einem kurzen Umweg nach Biberbrugg hinuntersteigen.<\/p>\n\n\n\n<p>Im Restaurant Post kehrten wir ein und genehmigten uns etwas &#8222;D\u00fcnnes&#8220;. Mit einem kurzen Weg bis zum Bahnhof, wo uns die SOB in verschiedene Richtungen heimw\u00e4rts f\u00fchrte, schlossen wir die Wanderung ab.<\/p>\n\n\n\n<p>Leitung der Tour: Theo Bachmann<\/p>\n\n\n\n<figure class=\"wp-block-gallery has-nested-images columns-default is-cropped wp-block-gallery-1 is-layout-flex wp-block-gallery-is-layout-flex\">\n<figure class=\"wp-block-image size-large\"><a href=\"https:\/\/i0.wp.com\/sac-homberg.ch\/wordpress\/wp-content\/uploads\/2022\/10\/20221011_095907.jpg?ssl=1\"><img data-recalc-dims=\"1\" loading=\"lazy\" decoding=\"async\" width=\"604\" height=\"604\" data-id=\"6141\" src=\"https:\/\/i0.wp.com\/sac-homberg.ch\/wordpress\/wp-content\/uploads\/2022\/10\/20221011_095907.jpg?resize=604%2C604&#038;ssl=1\" alt=\"\" class=\"wp-image-6141\" srcset=\"https:\/\/i0.wp.com\/sac-homberg.ch\/wordpress\/wp-content\/uploads\/2022\/10\/20221011_095907.jpg?w=1024&amp;ssl=1 1024w, https:\/\/i0.wp.com\/sac-homberg.ch\/wordpress\/wp-content\/uploads\/2022\/10\/20221011_095907.jpg?resize=300%2C300&amp;ssl=1 300w, https:\/\/i0.wp.com\/sac-homberg.ch\/wordpress\/wp-content\/uploads\/2022\/10\/20221011_095907.jpg?resize=150%2C150&amp;ssl=1 150w, https:\/\/i0.wp.com\/sac-homberg.ch\/wordpress\/wp-content\/uploads\/2022\/10\/20221011_095907.jpg?resize=768%2C768&amp;ssl=1 768w\" sizes=\"auto, (max-width: 604px) 100vw, 604px\" \/><\/a><\/figure>\n\n\n\n<figure class=\"wp-block-image size-large\"><a href=\"https:\/\/i0.wp.com\/sac-homberg.ch\/wordpress\/wp-content\/uploads\/2022\/10\/20221011_111552.jpg?ssl=1\"><img data-recalc-dims=\"1\" loading=\"lazy\" decoding=\"async\" width=\"604\" height=\"604\" data-id=\"6142\" src=\"https:\/\/i0.wp.com\/sac-homberg.ch\/wordpress\/wp-content\/uploads\/2022\/10\/20221011_111552.jpg?resize=604%2C604&#038;ssl=1\" alt=\"\" class=\"wp-image-6142\" srcset=\"https:\/\/i0.wp.com\/sac-homberg.ch\/wordpress\/wp-content\/uploads\/2022\/10\/20221011_111552.jpg?w=1024&amp;ssl=1 1024w, https:\/\/i0.wp.com\/sac-homberg.ch\/wordpress\/wp-content\/uploads\/2022\/10\/20221011_111552.jpg?resize=300%2C300&amp;ssl=1 300w, https:\/\/i0.wp.com\/sac-homberg.ch\/wordpress\/wp-content\/uploads\/2022\/10\/20221011_111552.jpg?resize=150%2C150&amp;ssl=1 150w, https:\/\/i0.wp.com\/sac-homberg.ch\/wordpress\/wp-content\/uploads\/2022\/10\/20221011_111552.jpg?resize=768%2C768&amp;ssl=1 768w\" sizes=\"auto, (max-width: 604px) 100vw, 604px\" \/><\/a><\/figure>\n\n\n\n<figure class=\"wp-block-image size-large\"><a href=\"https:\/\/i0.wp.com\/sac-homberg.ch\/wordpress\/wp-content\/uploads\/2022\/10\/20221011_121926.jpg?ssl=1\"><img data-recalc-dims=\"1\" loading=\"lazy\" decoding=\"async\" width=\"604\" height=\"604\" data-id=\"6143\" src=\"https:\/\/i0.wp.com\/sac-homberg.ch\/wordpress\/wp-content\/uploads\/2022\/10\/20221011_121926.jpg?resize=604%2C604&#038;ssl=1\" alt=\"\" class=\"wp-image-6143\" srcset=\"https:\/\/i0.wp.com\/sac-homberg.ch\/wordpress\/wp-content\/uploads\/2022\/10\/20221011_121926.jpg?w=1024&amp;ssl=1 1024w, https:\/\/i0.wp.com\/sac-homberg.ch\/wordpress\/wp-content\/uploads\/2022\/10\/20221011_121926.jpg?resize=300%2C300&amp;ssl=1 300w, https:\/\/i0.wp.com\/sac-homberg.ch\/wordpress\/wp-content\/uploads\/2022\/10\/20221011_121926.jpg?resize=150%2C150&amp;ssl=1 150w, https:\/\/i0.wp.com\/sac-homberg.ch\/wordpress\/wp-content\/uploads\/2022\/10\/20221011_121926.jpg?resize=768%2C768&amp;ssl=1 768w\" sizes=\"auto, (max-width: 604px) 100vw, 604px\" \/><\/a><\/figure>\n\n\n\n<figure class=\"wp-block-image size-large\"><a href=\"https:\/\/i0.wp.com\/sac-homberg.ch\/wordpress\/wp-content\/uploads\/2022\/10\/20221011_142352.jpg?ssl=1\"><img data-recalc-dims=\"1\" loading=\"lazy\" decoding=\"async\" width=\"604\" height=\"604\" data-id=\"6144\" src=\"https:\/\/i0.wp.com\/sac-homberg.ch\/wordpress\/wp-content\/uploads\/2022\/10\/20221011_142352.jpg?resize=604%2C604&#038;ssl=1\" alt=\"\" class=\"wp-image-6144\" srcset=\"https:\/\/i0.wp.com\/sac-homberg.ch\/wordpress\/wp-content\/uploads\/2022\/10\/20221011_142352.jpg?w=1024&amp;ssl=1 1024w, https:\/\/i0.wp.com\/sac-homberg.ch\/wordpress\/wp-content\/uploads\/2022\/10\/20221011_142352.jpg?resize=300%2C300&amp;ssl=1 300w, https:\/\/i0.wp.com\/sac-homberg.ch\/wordpress\/wp-content\/uploads\/2022\/10\/20221011_142352.jpg?resize=150%2C150&amp;ssl=1 150w, https:\/\/i0.wp.com\/sac-homberg.ch\/wordpress\/wp-content\/uploads\/2022\/10\/20221011_142352.jpg?resize=768%2C768&amp;ssl=1 768w\" sizes=\"auto, (max-width: 604px) 100vw, 604px\" \/><\/a><\/figure>\n\n\n\n<figure class=\"wp-block-image size-large\"><a href=\"https:\/\/i0.wp.com\/sac-homberg.ch\/wordpress\/wp-content\/uploads\/2022\/10\/20221011_142454.jpg?ssl=1\"><img data-recalc-dims=\"1\" loading=\"lazy\" decoding=\"async\" width=\"604\" height=\"604\" data-id=\"6145\" src=\"https:\/\/i0.wp.com\/sac-homberg.ch\/wordpress\/wp-content\/uploads\/2022\/10\/20221011_142454.jpg?resize=604%2C604&#038;ssl=1\" alt=\"\" class=\"wp-image-6145\" srcset=\"https:\/\/i0.wp.com\/sac-homberg.ch\/wordpress\/wp-content\/uploads\/2022\/10\/20221011_142454.jpg?w=1024&amp;ssl=1 1024w, https:\/\/i0.wp.com\/sac-homberg.ch\/wordpress\/wp-content\/uploads\/2022\/10\/20221011_142454.jpg?resize=300%2C300&amp;ssl=1 300w, https:\/\/i0.wp.com\/sac-homberg.ch\/wordpress\/wp-content\/uploads\/2022\/10\/20221011_142454.jpg?resize=150%2C150&amp;ssl=1 150w, https:\/\/i0.wp.com\/sac-homberg.ch\/wordpress\/wp-content\/uploads\/2022\/10\/20221011_142454.jpg?resize=768%2C768&amp;ssl=1 768w\" sizes=\"auto, (max-width: 604px) 100vw, 604px\" \/><\/a><\/figure>\n\n\n\n<figure class=\"wp-block-image size-large\"><a href=\"https:\/\/i0.wp.com\/sac-homberg.ch\/wordpress\/wp-content\/uploads\/2022\/10\/20221011_155954.jpg?ssl=1\"><img data-recalc-dims=\"1\" loading=\"lazy\" decoding=\"async\" width=\"604\" height=\"604\" data-id=\"6146\" src=\"https:\/\/i0.wp.com\/sac-homberg.ch\/wordpress\/wp-content\/uploads\/2022\/10\/20221011_155954.jpg?resize=604%2C604&#038;ssl=1\" alt=\"\" class=\"wp-image-6146\" srcset=\"https:\/\/i0.wp.com\/sac-homberg.ch\/wordpress\/wp-content\/uploads\/2022\/10\/20221011_155954.jpg?w=1024&amp;ssl=1 1024w, https:\/\/i0.wp.com\/sac-homberg.ch\/wordpress\/wp-content\/uploads\/2022\/10\/20221011_155954.jpg?resize=300%2C300&amp;ssl=1 300w, https:\/\/i0.wp.com\/sac-homberg.ch\/wordpress\/wp-content\/uploads\/2022\/10\/20221011_155954.jpg?resize=150%2C150&amp;ssl=1 150w, https:\/\/i0.wp.com\/sac-homberg.ch\/wordpress\/wp-content\/uploads\/2022\/10\/20221011_155954.jpg?resize=768%2C768&amp;ssl=1 768w\" sizes=\"auto, (max-width: 604px) 100vw, 604px\" \/><\/a><\/figure>\n<\/figure>\n","protected":false},"excerpt":{"rendered":"<p>Vom 11. Oktober 2022 An- und Heimreise: mit \u00d6VStart: Ober\u00e4geri StationAnzahl Teilnehmer: 13Startkaffee: Gasthaus B\u00e4renEnde der Wanderung: Bahnhof Biberbrugg Teilnehmer: Ruth R\u00f6teli; Esther und Urs Hupfer; Kristin und Guido Baumgartner; Willi Truttmann; J\u00f6rg Haller; Brigitte Zeltner Widmer; Marlise Betschart; Monique Vogel; Sam Moser; Marta und Theo Bachmann Getroffen haben wir uns bereits auf dem Bahnhofplatz &hellip; <a href=\"https:\/\/sac-homberg.ch\/wordpress\/2022\/10\/seniorenwanderung-zum-hoehronen\/\" class=\"more-link\"><span class=\"screen-reader-text\">Seniorenwanderung  zum H\u00f6hronen<\/span> weiterlesen <span class=\"meta-nav\">&rarr;<\/span><\/a><\/p>\n","protected":false},"author":1,"featured_media":6142,"comment_status":"open","ping_status":"open","sticky":false,"template":"","format":"standard","meta":{"_monsterinsights_skip_tracking":false,"_monsterinsights_sitenote_active":false,"_monsterinsights_sitenote_note":"","_monsterinsights_sitenote_category":0,"jetpack_post_was_ever_published":false,"_jetpack_newsletter_access":"","_jetpack_dont_email_post_to_subs":false,"_jetpack_newsletter_tier_id":0,"_jetpack_memberships_contains_paywalled_content":false,"_jetpack_memberships_contains_paid_content":false,"footnotes":"","jetpack_publicize_message":"Seniorenwanderung im Zugerland auf den H\u00f6hronen.","jetpack_publicize_feature_enabled":true,"jetpack_social_post_already_shared":true,"jetpack_social_options":{"image_generator_settings":{"template":"highway","default_image_id":0,"font":"","enabled":false},"version":2}},"categories":[80,27],"tags":[393,445,24],"class_list":["post-6140","post","type-post","status-publish","format-standard","has-post-thumbnail","hentry","category-herbst","category-tourenberichtsenioren","tag-393","tag-hoehronen","tag-wandern"],"jetpack_publicize_connections":[],"jetpack_featured_media_url":"https:\/\/i0.wp.com\/sac-homberg.ch\/wordpress\/wp-content\/uploads\/2022\/10\/20221011_111552.jpg?fit=1024%2C1024&ssl=1","jetpack_shortlink":"https:\/\/wp.me\/p772lX-1B2","jetpack_sharing_enabled":true,"_links":{"self":[{"href":"https:\/\/sac-homberg.ch\/wordpress\/wp-json\/wp\/v2\/posts\/6140","targetHints":{"allow":["GET"]}}],"collection":[{"href":"https:\/\/sac-homberg.ch\/wordpress\/wp-json\/wp\/v2\/posts"}],"about":[{"href":"https:\/\/sac-homberg.ch\/wordpress\/wp-json\/wp\/v2\/types\/post"}],"author":[{"embeddable":true,"href":"https:\/\/sac-homberg.ch\/wordpress\/wp-json\/wp\/v2\/users\/1"}],"replies":[{"embeddable":true,"href":"https:\/\/sac-homberg.ch\/wordpress\/wp-json\/wp\/v2\/comments?post=6140"}],"version-history":[{"count":1,"href":"https:\/\/sac-homberg.ch\/wordpress\/wp-json\/wp\/v2\/posts\/6140\/revisions"}],"predecessor-version":[{"id":6147,"href":"https:\/\/sac-homberg.ch\/wordpress\/wp-json\/wp\/v2\/posts\/6140\/revisions\/6147"}],"wp:featuredmedia":[{"embeddable":true,"href":"https:\/\/sac-homberg.ch\/wordpress\/wp-json\/wp\/v2\/media\/6142"}],"wp:attachment":[{"href":"https:\/\/sac-homberg.ch\/wordpress\/wp-json\/wp\/v2\/media?parent=6140"}],"wp:term":[{"taxonomy":"category","embeddable":true,"href":"https:\/\/sac-homberg.ch\/wordpress\/wp-json\/wp\/v2\/categories?post=6140"},{"taxonomy":"post_tag","embeddable":true,"href":"https:\/\/sac-homberg.ch\/wordpress\/wp-json\/wp\/v2\/tags?post=6140"}],"curies":[{"name":"wp","href":"https:\/\/api.w.org\/{rel}","templated":true}]}}