{"id":6396,"date":"2023-01-24T18:00:00","date_gmt":"2023-01-24T17:00:00","guid":{"rendered":"https:\/\/sac-homberg.ch\/wordpress\/?p=6396"},"modified":"2023-01-30T14:35:45","modified_gmt":"2023-01-30T13:35:45","slug":"schneeschuhtour-am-arnisee","status":"publish","type":"post","link":"https:\/\/sac-homberg.ch\/wordpress\/2023\/01\/schneeschuhtour-am-arnisee\/","title":{"rendered":"Schneeschuhtour am Arnisee"},"content":{"rendered":"\n<p>vom 24. Januar 2023<\/p>\n\n\n\n<p>Von Intschi bringt uns die 8-er Gondel mit mehreren Fahrten in kurzer<\/p>\n\n\n\n<p>Zeit zum Startkaffi oben ins Bergasthaus \u201eAlpenblick\u201c.<\/p>\n\n\n\n<p>Zwanzig gut gelaunte Frauen und M\u00e4nner, ausger\u00fcstet mit Schneeschuhen und St\u00f6cken starten dann, mit Kaffi und Gipfeli gedopt, zur gut ausgesteckten Rundtour \u00fcber die Sonnenterrrase Richtung Richtung Ludiberg-Mittelarni-Vorderarni. Der zugefrorene Arnisee liegt wundersch\u00f6n in der verschneiten Landschaft.<\/p>\n\n\n\n<!--more-->\n\n\n\n<p>Der Pfad ist abwechslungsreich, zuerst in leichtem Auf und Ab durch verschneiten Wald, f\u00fchrt dann nach einer halben Stunde ins offene Gel\u00e4nde. Die Urner Berge Bristen, Windg\u00e4llen&nbsp; sind nun immer prominent zu rechten Seite sichtbar. Wir passieren den ganzj\u00e4hrig bewohnten Wiler Ludiberg, wo der Bauer nach seinem ausgerissenen Hund Ausschau h\u00e4lt. Wir versichern ihm unsere volle Unterst\u00fctzung zu, seinen Ausreisser nach Hause zu schicken, falls wir ihn sichten w\u00fcrden. In aller Gem\u00fctlichkeit geht es weiter, den ersten und letzten \u201eernsthaften\u201c Hang in Sichtweite, den wir nach Tenuerleichterung, immer noch wohlgemut, in Angriff nehmen. Spielend leicht, mit Hilfe der Steighilfen, erreichen wir den H\u00f6hepunkt des H\u00fcgels\u2026 sah strenger aus von unten als es dann wirklich war.<\/p>\n\n\n\n<p>Nach anderthalb Stunden unterwegs g\u00f6nnen wir uns die erste Pause bei zwei kleinen unbewohnten H\u00fctten, wie gemacht f\u00fcr m\u00fcde Wanderer.<\/p>\n\n\n\n<p>Nach einer Schneeschuhpanne, weiter dann&nbsp; bis zum Drehpunkt der Rundtour, markiert mit einem imponierenden Steinmanndli. Der Blick in den Urner Talboden bis zum Vierwaldst\u00e4ttersee und ins Maderanertal ist eindr\u00fccklich.<\/p>\n\n\n\n<p>Die etwas kalte,exponierte Lage, l\u00e4sst uns dann doch nicht allzu lange verweilen(zudem ruft das Schnipo und Cordonbleu) und wir nehmen den R\u00fcckzug unter die F\u00fcsse. \u00dcber Mittelarni, bei der Seilbahn vorbei, in moderatem Anstieg \u00fcber den Moosberg, am geschlossenen Gasthaus Arnisee vorbei, erreichen wir wieder den halbzugefrorenen Arnisee.<\/p>\n\n\n\n<p>Zur\u00fcck im Alpenblick geniessen wir in fr\u00f6hlicher Gemeinschaft Schnipo, Cordonbleu und \u00c4lplermagaroni und freuen uns zusammen \u00fcber das Erlebte und die eindr\u00fcckliche Natur.<\/p>\n\n\n\n<p>Inzwischen ist es halb vier geworden, Zeit die Heimreise anzutreten. Die Gondel f\u00e4hrt uns zuverl\u00e4ssig hinunter.<\/p>\n\n\n\n<p>Wir bedanken uns bei der engagierten Wirtin Mirjam Lustenberger und Frau H\u00e4nni f\u00fcr die vorz\u00fcgliche Bewirtung. Ihr Betrieb k\u00f6nnen wir w\u00e4rmstens weiterempfehlen.<\/p>\n\n\n\n<p>Ebenfalls geb\u00fchrt der Dank der unkomplizierten Gondelfrau, die f\u00fcr unseren reibungslosen Transport sorgte.<\/p>\n\n\n\n<p>Was w\u00e4ren wir ohne diese guten Geister, die mit viel Freundlichkeit f\u00fcr das Wohl ihrer G\u00e4ste sorgen.<\/p>\n\n\n\n<p>Der Wanderleiter Sam Moser<\/p>\n\n\n\n<figure class=\"wp-block-gallery has-nested-images columns-default is-cropped wp-block-gallery-1 is-layout-flex wp-block-gallery-is-layout-flex\">\n<figure class=\"wp-block-image size-large\"><a href=\"https:\/\/i0.wp.com\/sac-homberg.ch\/wordpress\/wp-content\/uploads\/2023\/01\/IMG_1046.jpeg.jpg?ssl=1\"><img data-recalc-dims=\"1\" loading=\"lazy\" decoding=\"async\" width=\"604\" height=\"453\" data-id=\"6397\" src=\"https:\/\/i0.wp.com\/sac-homberg.ch\/wordpress\/wp-content\/uploads\/2023\/01\/IMG_1046.jpeg.jpg?resize=604%2C453&#038;ssl=1\" alt=\"\" class=\"wp-image-6397\" srcset=\"https:\/\/i0.wp.com\/sac-homberg.ch\/wordpress\/wp-content\/uploads\/2023\/01\/IMG_1046.jpeg.jpg?w=1024&amp;ssl=1 1024w, https:\/\/i0.wp.com\/sac-homberg.ch\/wordpress\/wp-content\/uploads\/2023\/01\/IMG_1046.jpeg.jpg?resize=300%2C225&amp;ssl=1 300w, https:\/\/i0.wp.com\/sac-homberg.ch\/wordpress\/wp-content\/uploads\/2023\/01\/IMG_1046.jpeg.jpg?resize=768%2C576&amp;ssl=1 768w\" sizes=\"auto, (max-width: 604px) 100vw, 604px\" \/><\/a><\/figure>\n\n\n\n<figure class=\"wp-block-image size-large\"><a href=\"https:\/\/i0.wp.com\/sac-homberg.ch\/wordpress\/wp-content\/uploads\/2023\/01\/IMG_1049.jpeg.jpg?ssl=1\"><img data-recalc-dims=\"1\" loading=\"lazy\" decoding=\"async\" width=\"604\" height=\"805\" data-id=\"6399\" src=\"https:\/\/i0.wp.com\/sac-homberg.ch\/wordpress\/wp-content\/uploads\/2023\/01\/IMG_1049.jpeg.jpg?resize=604%2C805&#038;ssl=1\" alt=\"\" class=\"wp-image-6399\" srcset=\"https:\/\/i0.wp.com\/sac-homberg.ch\/wordpress\/wp-content\/uploads\/2023\/01\/IMG_1049.jpeg.jpg?w=768&amp;ssl=1 768w, https:\/\/i0.wp.com\/sac-homberg.ch\/wordpress\/wp-content\/uploads\/2023\/01\/IMG_1049.jpeg.jpg?resize=225%2C300&amp;ssl=1 225w\" sizes=\"auto, (max-width: 604px) 100vw, 604px\" \/><\/a><\/figure>\n\n\n\n<figure class=\"wp-block-image size-large\"><a href=\"https:\/\/i0.wp.com\/sac-homberg.ch\/wordpress\/wp-content\/uploads\/2023\/01\/IMG_1056.jpeg.jpg?ssl=1\"><img data-recalc-dims=\"1\" loading=\"lazy\" decoding=\"async\" width=\"604\" height=\"805\" data-id=\"6403\" src=\"https:\/\/i0.wp.com\/sac-homberg.ch\/wordpress\/wp-content\/uploads\/2023\/01\/IMG_1056.jpeg.jpg?resize=604%2C805&#038;ssl=1\" alt=\"\" class=\"wp-image-6403\" srcset=\"https:\/\/i0.wp.com\/sac-homberg.ch\/wordpress\/wp-content\/uploads\/2023\/01\/IMG_1056.jpeg.jpg?w=768&amp;ssl=1 768w, https:\/\/i0.wp.com\/sac-homberg.ch\/wordpress\/wp-content\/uploads\/2023\/01\/IMG_1056.jpeg.jpg?resize=225%2C300&amp;ssl=1 225w\" sizes=\"auto, (max-width: 604px) 100vw, 604px\" \/><\/a><\/figure>\n\n\n\n<figure class=\"wp-block-image size-large\"><a href=\"https:\/\/i0.wp.com\/sac-homberg.ch\/wordpress\/wp-content\/uploads\/2023\/01\/IMG_1062.jpeg.jpg?ssl=1\"><img data-recalc-dims=\"1\" loading=\"lazy\" decoding=\"async\" width=\"604\" height=\"453\" data-id=\"6398\" src=\"https:\/\/i0.wp.com\/sac-homberg.ch\/wordpress\/wp-content\/uploads\/2023\/01\/IMG_1062.jpeg.jpg?resize=604%2C453&#038;ssl=1\" alt=\"\" class=\"wp-image-6398\" srcset=\"https:\/\/i0.wp.com\/sac-homberg.ch\/wordpress\/wp-content\/uploads\/2023\/01\/IMG_1062.jpeg.jpg?w=1024&amp;ssl=1 1024w, https:\/\/i0.wp.com\/sac-homberg.ch\/wordpress\/wp-content\/uploads\/2023\/01\/IMG_1062.jpeg.jpg?resize=300%2C225&amp;ssl=1 300w, https:\/\/i0.wp.com\/sac-homberg.ch\/wordpress\/wp-content\/uploads\/2023\/01\/IMG_1062.jpeg.jpg?resize=768%2C576&amp;ssl=1 768w\" sizes=\"auto, (max-width: 604px) 100vw, 604px\" \/><\/a><\/figure>\n\n\n\n<figure class=\"wp-block-image size-large\"><a href=\"https:\/\/i0.wp.com\/sac-homberg.ch\/wordpress\/wp-content\/uploads\/2023\/01\/IMG_1064.jpeg.jpg?ssl=1\"><img data-recalc-dims=\"1\" loading=\"lazy\" decoding=\"async\" width=\"604\" height=\"453\" data-id=\"6400\" src=\"https:\/\/i0.wp.com\/sac-homberg.ch\/wordpress\/wp-content\/uploads\/2023\/01\/IMG_1064.jpeg.jpg?resize=604%2C453&#038;ssl=1\" alt=\"\" class=\"wp-image-6400\" srcset=\"https:\/\/i0.wp.com\/sac-homberg.ch\/wordpress\/wp-content\/uploads\/2023\/01\/IMG_1064.jpeg.jpg?w=1024&amp;ssl=1 1024w, https:\/\/i0.wp.com\/sac-homberg.ch\/wordpress\/wp-content\/uploads\/2023\/01\/IMG_1064.jpeg.jpg?resize=300%2C225&amp;ssl=1 300w, https:\/\/i0.wp.com\/sac-homberg.ch\/wordpress\/wp-content\/uploads\/2023\/01\/IMG_1064.jpeg.jpg?resize=768%2C576&amp;ssl=1 768w\" sizes=\"auto, (max-width: 604px) 100vw, 604px\" \/><\/a><\/figure>\n\n\n\n<figure class=\"wp-block-image size-large\"><a href=\"https:\/\/i0.wp.com\/sac-homberg.ch\/wordpress\/wp-content\/uploads\/2023\/01\/IMG_1071.jpeg.jpg?ssl=1\"><img data-recalc-dims=\"1\" loading=\"lazy\" decoding=\"async\" width=\"604\" height=\"453\" data-id=\"6405\" src=\"https:\/\/i0.wp.com\/sac-homberg.ch\/wordpress\/wp-content\/uploads\/2023\/01\/IMG_1071.jpeg.jpg?resize=604%2C453&#038;ssl=1\" alt=\"\" class=\"wp-image-6405\" srcset=\"https:\/\/i0.wp.com\/sac-homberg.ch\/wordpress\/wp-content\/uploads\/2023\/01\/IMG_1071.jpeg.jpg?w=1024&amp;ssl=1 1024w, https:\/\/i0.wp.com\/sac-homberg.ch\/wordpress\/wp-content\/uploads\/2023\/01\/IMG_1071.jpeg.jpg?resize=300%2C225&amp;ssl=1 300w, https:\/\/i0.wp.com\/sac-homberg.ch\/wordpress\/wp-content\/uploads\/2023\/01\/IMG_1071.jpeg.jpg?resize=768%2C576&amp;ssl=1 768w\" sizes=\"auto, (max-width: 604px) 100vw, 604px\" \/><\/a><\/figure>\n\n\n\n<figure class=\"wp-block-image size-large\"><a href=\"https:\/\/i0.wp.com\/sac-homberg.ch\/wordpress\/wp-content\/uploads\/2023\/01\/P1020539.jpg?ssl=1\"><img data-recalc-dims=\"1\" loading=\"lazy\" decoding=\"async\" width=\"604\" height=\"453\" data-id=\"6404\" src=\"https:\/\/i0.wp.com\/sac-homberg.ch\/wordpress\/wp-content\/uploads\/2023\/01\/P1020539.jpg?resize=604%2C453&#038;ssl=1\" alt=\"\" class=\"wp-image-6404\" srcset=\"https:\/\/i0.wp.com\/sac-homberg.ch\/wordpress\/wp-content\/uploads\/2023\/01\/P1020539.jpg?w=1024&amp;ssl=1 1024w, https:\/\/i0.wp.com\/sac-homberg.ch\/wordpress\/wp-content\/uploads\/2023\/01\/P1020539.jpg?resize=300%2C225&amp;ssl=1 300w, https:\/\/i0.wp.com\/sac-homberg.ch\/wordpress\/wp-content\/uploads\/2023\/01\/P1020539.jpg?resize=768%2C576&amp;ssl=1 768w\" sizes=\"auto, (max-width: 604px) 100vw, 604px\" \/><\/a><\/figure>\n\n\n\n<figure class=\"wp-block-image size-large\"><a href=\"https:\/\/i0.wp.com\/sac-homberg.ch\/wordpress\/wp-content\/uploads\/2023\/01\/P1020542.jpg?ssl=1\"><img data-recalc-dims=\"1\" loading=\"lazy\" decoding=\"async\" width=\"604\" height=\"453\" data-id=\"6407\" src=\"https:\/\/i0.wp.com\/sac-homberg.ch\/wordpress\/wp-content\/uploads\/2023\/01\/P1020542.jpg?resize=604%2C453&#038;ssl=1\" alt=\"\" class=\"wp-image-6407\" srcset=\"https:\/\/i0.wp.com\/sac-homberg.ch\/wordpress\/wp-content\/uploads\/2023\/01\/P1020542.jpg?w=1024&amp;ssl=1 1024w, https:\/\/i0.wp.com\/sac-homberg.ch\/wordpress\/wp-content\/uploads\/2023\/01\/P1020542.jpg?resize=300%2C225&amp;ssl=1 300w, https:\/\/i0.wp.com\/sac-homberg.ch\/wordpress\/wp-content\/uploads\/2023\/01\/P1020542.jpg?resize=768%2C576&amp;ssl=1 768w\" sizes=\"auto, (max-width: 604px) 100vw, 604px\" \/><\/a><\/figure>\n\n\n\n<figure class=\"wp-block-image size-large\"><a href=\"https:\/\/i0.wp.com\/sac-homberg.ch\/wordpress\/wp-content\/uploads\/2023\/01\/P1020543.jpg?ssl=1\"><img data-recalc-dims=\"1\" loading=\"lazy\" decoding=\"async\" width=\"604\" height=\"453\" data-id=\"6402\" src=\"https:\/\/i0.wp.com\/sac-homberg.ch\/wordpress\/wp-content\/uploads\/2023\/01\/P1020543.jpg?resize=604%2C453&#038;ssl=1\" alt=\"\" class=\"wp-image-6402\" srcset=\"https:\/\/i0.wp.com\/sac-homberg.ch\/wordpress\/wp-content\/uploads\/2023\/01\/P1020543.jpg?w=1024&amp;ssl=1 1024w, https:\/\/i0.wp.com\/sac-homberg.ch\/wordpress\/wp-content\/uploads\/2023\/01\/P1020543.jpg?resize=300%2C225&amp;ssl=1 300w, https:\/\/i0.wp.com\/sac-homberg.ch\/wordpress\/wp-content\/uploads\/2023\/01\/P1020543.jpg?resize=768%2C576&amp;ssl=1 768w\" sizes=\"auto, (max-width: 604px) 100vw, 604px\" \/><\/a><\/figure>\n\n\n\n<figure class=\"wp-block-image size-large\"><a href=\"https:\/\/i0.wp.com\/sac-homberg.ch\/wordpress\/wp-content\/uploads\/2023\/01\/P1020544.jpg?ssl=1\"><img data-recalc-dims=\"1\" loading=\"lazy\" decoding=\"async\" width=\"604\" height=\"453\" data-id=\"6401\" src=\"https:\/\/i0.wp.com\/sac-homberg.ch\/wordpress\/wp-content\/uploads\/2023\/01\/P1020544.jpg?resize=604%2C453&#038;ssl=1\" alt=\"\" class=\"wp-image-6401\" srcset=\"https:\/\/i0.wp.com\/sac-homberg.ch\/wordpress\/wp-content\/uploads\/2023\/01\/P1020544.jpg?w=1024&amp;ssl=1 1024w, https:\/\/i0.wp.com\/sac-homberg.ch\/wordpress\/wp-content\/uploads\/2023\/01\/P1020544.jpg?resize=300%2C225&amp;ssl=1 300w, https:\/\/i0.wp.com\/sac-homberg.ch\/wordpress\/wp-content\/uploads\/2023\/01\/P1020544.jpg?resize=768%2C576&amp;ssl=1 768w\" sizes=\"auto, (max-width: 604px) 100vw, 604px\" \/><\/a><\/figure>\n\n\n\n<figure class=\"wp-block-image size-large\"><a href=\"https:\/\/i0.wp.com\/sac-homberg.ch\/wordpress\/wp-content\/uploads\/2023\/01\/P1020545.jpg?ssl=1\"><img data-recalc-dims=\"1\" loading=\"lazy\" decoding=\"async\" width=\"604\" height=\"453\" data-id=\"6408\" src=\"https:\/\/i0.wp.com\/sac-homberg.ch\/wordpress\/wp-content\/uploads\/2023\/01\/P1020545.jpg?resize=604%2C453&#038;ssl=1\" alt=\"\" class=\"wp-image-6408\" srcset=\"https:\/\/i0.wp.com\/sac-homberg.ch\/wordpress\/wp-content\/uploads\/2023\/01\/P1020545.jpg?w=1024&amp;ssl=1 1024w, https:\/\/i0.wp.com\/sac-homberg.ch\/wordpress\/wp-content\/uploads\/2023\/01\/P1020545.jpg?resize=300%2C225&amp;ssl=1 300w, https:\/\/i0.wp.com\/sac-homberg.ch\/wordpress\/wp-content\/uploads\/2023\/01\/P1020545.jpg?resize=768%2C576&amp;ssl=1 768w\" sizes=\"auto, (max-width: 604px) 100vw, 604px\" \/><\/a><\/figure>\n\n\n\n<figure class=\"wp-block-image size-large\"><a href=\"https:\/\/i0.wp.com\/sac-homberg.ch\/wordpress\/wp-content\/uploads\/2023\/01\/P1020548.jpg?ssl=1\"><img data-recalc-dims=\"1\" loading=\"lazy\" decoding=\"async\" width=\"604\" height=\"453\" data-id=\"6406\" src=\"https:\/\/i0.wp.com\/sac-homberg.ch\/wordpress\/wp-content\/uploads\/2023\/01\/P1020548.jpg?resize=604%2C453&#038;ssl=1\" alt=\"\" class=\"wp-image-6406\" srcset=\"https:\/\/i0.wp.com\/sac-homberg.ch\/wordpress\/wp-content\/uploads\/2023\/01\/P1020548.jpg?w=1024&amp;ssl=1 1024w, https:\/\/i0.wp.com\/sac-homberg.ch\/wordpress\/wp-content\/uploads\/2023\/01\/P1020548.jpg?resize=300%2C225&amp;ssl=1 300w, https:\/\/i0.wp.com\/sac-homberg.ch\/wordpress\/wp-content\/uploads\/2023\/01\/P1020548.jpg?resize=768%2C576&amp;ssl=1 768w\" sizes=\"auto, (max-width: 604px) 100vw, 604px\" \/><\/a><\/figure>\n<\/figure>\n","protected":false},"excerpt":{"rendered":"<p>vom 24. Januar 2023 Von Intschi bringt uns die 8-er Gondel mit mehreren Fahrten in kurzer Zeit zum Startkaffi oben ins Bergasthaus \u201eAlpenblick\u201c. Zwanzig gut gelaunte Frauen und M\u00e4nner, ausger\u00fcstet mit Schneeschuhen und St\u00f6cken starten dann, mit Kaffi und Gipfeli gedopt, zur gut ausgesteckten Rundtour \u00fcber die Sonnenterrrase Richtung Richtung Ludiberg-Mittelarni-Vorderarni. Der zugefrorene Arnisee liegt &hellip; <a href=\"https:\/\/sac-homberg.ch\/wordpress\/2023\/01\/schneeschuhtour-am-arnisee\/\" class=\"more-link\"><span class=\"screen-reader-text\">Schneeschuhtour am Arnisee<\/span> weiterlesen <span class=\"meta-nav\">&rarr;<\/span><\/a><\/p>\n","protected":false},"author":1,"featured_media":6400,"comment_status":"open","ping_status":"open","sticky":false,"template":"","format":"standard","meta":{"_monsterinsights_skip_tracking":false,"_monsterinsights_sitenote_active":false,"_monsterinsights_sitenote_note":"","_monsterinsights_sitenote_category":0,"jetpack_post_was_ever_published":false,"_jetpack_newsletter_access":"","_jetpack_dont_email_post_to_subs":false,"_jetpack_newsletter_tier_id":0,"_jetpack_memberships_contains_paywalled_content":false,"_jetpack_memberships_contains_paid_content":false,"footnotes":"","jetpack_publicize_message":"Schneeschuhtour der Senioren am Arnisee","jetpack_publicize_feature_enabled":true,"jetpack_social_post_already_shared":false,"jetpack_social_options":{"image_generator_settings":{"template":"highway","default_image_id":0,"font":"","enabled":false},"version":2}},"categories":[27,77],"tags":[456,280,60,56,30],"class_list":["post-6396","post","type-post","status-publish","format-standard","has-post-thumbnail","hentry","category-tourenberichtsenioren","category-winter","tag-456","tag-arnisee","tag-innerschweiz","tag-schneeschuhtour","tag-schneeschuhwandern"],"jetpack_publicize_connections":[],"jetpack_featured_media_url":"https:\/\/i0.wp.com\/sac-homberg.ch\/wordpress\/wp-content\/uploads\/2023\/01\/IMG_1064.jpeg.jpg?fit=1024%2C768&ssl=1","jetpack_shortlink":"https:\/\/wp.me\/p772lX-1Fa","jetpack_sharing_enabled":true,"_links":{"self":[{"href":"https:\/\/sac-homberg.ch\/wordpress\/wp-json\/wp\/v2\/posts\/6396","targetHints":{"allow":["GET"]}}],"collection":[{"href":"https:\/\/sac-homberg.ch\/wordpress\/wp-json\/wp\/v2\/posts"}],"about":[{"href":"https:\/\/sac-homberg.ch\/wordpress\/wp-json\/wp\/v2\/types\/post"}],"author":[{"embeddable":true,"href":"https:\/\/sac-homberg.ch\/wordpress\/wp-json\/wp\/v2\/users\/1"}],"replies":[{"embeddable":true,"href":"https:\/\/sac-homberg.ch\/wordpress\/wp-json\/wp\/v2\/comments?post=6396"}],"version-history":[{"count":1,"href":"https:\/\/sac-homberg.ch\/wordpress\/wp-json\/wp\/v2\/posts\/6396\/revisions"}],"predecessor-version":[{"id":6409,"href":"https:\/\/sac-homberg.ch\/wordpress\/wp-json\/wp\/v2\/posts\/6396\/revisions\/6409"}],"wp:featuredmedia":[{"embeddable":true,"href":"https:\/\/sac-homberg.ch\/wordpress\/wp-json\/wp\/v2\/media\/6400"}],"wp:attachment":[{"href":"https:\/\/sac-homberg.ch\/wordpress\/wp-json\/wp\/v2\/media?parent=6396"}],"wp:term":[{"taxonomy":"category","embeddable":true,"href":"https:\/\/sac-homberg.ch\/wordpress\/wp-json\/wp\/v2\/categories?post=6396"},{"taxonomy":"post_tag","embeddable":true,"href":"https:\/\/sac-homberg.ch\/wordpress\/wp-json\/wp\/v2\/tags?post=6396"}],"curies":[{"name":"wp","href":"https:\/\/api.w.org\/{rel}","templated":true}]}}