{"id":6410,"date":"2023-01-31T18:00:00","date_gmt":"2023-01-31T17:00:00","guid":{"rendered":"https:\/\/sac-homberg.ch\/wordpress\/?p=6410"},"modified":"2023-02-04T10:03:56","modified_gmt":"2023-02-04T09:03:56","slug":"sempachersee-mauensee-mit-kaltbach-hoehlen","status":"publish","type":"post","link":"https:\/\/sac-homberg.ch\/wordpress\/2023\/01\/sempachersee-mauensee-mit-kaltbach-hoehlen\/","title":{"rendered":"Sempachersee &#8211; Mauensee mit Kaltbach H\u00f6hlen"},"content":{"rendered":"\n<p>vom 31. Januar 2023<\/p>\n\n\n\n<p>Tourenleiter: Andr\u00e9 Sommerhalder&nbsp;&nbsp;&nbsp;&nbsp; &nbsp;<\/p>\n\n\n\n<p>Teilnehmende: Walter Knobel, Ingrid Knobel, J\u00f6rg Haller, Sibylla Haller, Therese Haller, Hans Suter, Karl Stutz, Peter Brehm, Heidi Brehm, Regula Gacond, Ruth R\u00f6theli, Markus R\u00f6theli, Hugo Forrer, Annelise Forrer, Lisa Betschard, Reinhard Willi, Hanspeter Schaffner, Ursula Stolz, R\u00f6bi Stolz, Marianne Graf, Richard Graf, Max Brunner (nur zum Fonduessen)<\/p>\n\n\n\n<p>Am 31.Januar 2023 um 08:30 Uhr trafen sich 22 Seniorinnen und Senioren im Caf\u00e9 Weibel Sursee zum Startkaffee und Gipfeli. Dies wurde ein weiteres Mal von der Seniorenkasse \u00fcbernommen. Herzlichen Dank!<\/p>\n\n\n\n<!--more-->\n\n\n\n<p>Um 9.15 war wandern angesagt. Unter der F\u00fchrung von Andr\u00e9 Sommerhalder nahmen wir den Wanderweg Nr 7 unter die F\u00fcsse. Nach der Unterquerung des nahen Bahnhofes ging es Nordw\u00e4rts<br \/>durch den Ruetschwinkelwald . Mit der n\u00f6tigen Vorsicht kreuzten wir gemeinsam die vielbefahrene Baselstrasse. Entlang des Gleises Sursee Zofingen ging es eher langsam Richtung St. Erhard, vor allem weil die Strasse teilweise mit Eis bedeckt war. Beim Bahnhof St. Erhard \u2013 Knutwil verhielten wir uns nicht ganz vorbildlich. Wir ersparten uns die steile Treppe hinauf.<\/p>\n\n\n\n<p>In St. Erhard geht der Wanderweg durch neue Wohnquartiere und steigt dann ca. 100 m an durch den einstigen Weinberg bis zum Rastplatz im Pfarrwald. Diesen ben\u00fctzten wir f\u00fcr einen Trinkhalt und bei strahlendem Sonnenschein und stahlblauem Himmel betrachteten die Aussicht von unseren Sitzgelegenheiten. Einige h\u00e4tten diesen sch\u00f6nen Rastplatz noch l\u00e4nger genossen, aber der Tourenleiter mahnte zum Aufbruch.<\/p>\n\n\n\n<p>Weiter entlang dem und im Wald Richtung Kaltbach hinunter. Mit einer Schlaufe am Guethof vorbei erreichten wir dann die Emmi von Kaltbach, wo eine K\u00e4se-H\u00f6hlenbesichtigung auf dem Programm stand.<\/p>\n\n\n\n<p>Im Besucherzentrum erhielten wir die Informationen zur Besichtigung, konnten in der Garderrobe unsere Rucks\u00e4cke und St\u00f6cke usw. deponieren, den Verkaufsshop kurz besichtigen, bis uns dann der H\u00f6hlenmeister Roland Ziswiler in Empfang nahm und uns mit seinem Wissen kompetent durch die eindrucksvollen H\u00f6hlen f\u00fchrte.<\/p>\n\n\n\n<p>Zum anschliessenden, feinen Fondue-Essen, welches vom aufmerksamen und kundigen Personal serviert wurde, stiess Max Brunner dazu. Es war herrlich, der Kirsch und der Cafe cr\u00e9me waren im Fonduepreis inbegriffen.<\/p>\n\n\n\n<p>Der R\u00fcckweg f\u00fchrte uns wieder der Bahnlinie entlang Richtung Sursee bis nach Hitzlige nahe dem Mauensee entlang am Camping Waldheim vorbei zur\u00fcck zum Bahnhof.<\/p>\n\n\n\n<p>&nbsp;Der Tourenleiter Andr\u00e9<\/p>\n\n\n\n<figure class=\"wp-block-gallery has-nested-images columns-default is-cropped wp-block-gallery-1 is-layout-flex wp-block-gallery-is-layout-flex\">\n<figure class=\"wp-block-image size-large\"><a href=\"https:\/\/i0.wp.com\/sac-homberg.ch\/wordpress\/wp-content\/uploads\/2023\/02\/DSC04078.jpg?ssl=1\"><img data-recalc-dims=\"1\" loading=\"lazy\" decoding=\"async\" width=\"604\" height=\"340\" data-id=\"6419\" src=\"https:\/\/i0.wp.com\/sac-homberg.ch\/wordpress\/wp-content\/uploads\/2023\/02\/DSC04078.jpg?resize=604%2C340&#038;ssl=1\" alt=\"\" class=\"wp-image-6419\" srcset=\"https:\/\/i0.wp.com\/sac-homberg.ch\/wordpress\/wp-content\/uploads\/2023\/02\/DSC04078.jpg?resize=1024%2C577&amp;ssl=1 1024w, https:\/\/i0.wp.com\/sac-homberg.ch\/wordpress\/wp-content\/uploads\/2023\/02\/DSC04078.jpg?resize=300%2C169&amp;ssl=1 300w, https:\/\/i0.wp.com\/sac-homberg.ch\/wordpress\/wp-content\/uploads\/2023\/02\/DSC04078.jpg?resize=768%2C432&amp;ssl=1 768w, https:\/\/i0.wp.com\/sac-homberg.ch\/wordpress\/wp-content\/uploads\/2023\/02\/DSC04078.jpg?resize=1200%2C675&amp;ssl=1 1200w, https:\/\/i0.wp.com\/sac-homberg.ch\/wordpress\/wp-content\/uploads\/2023\/02\/DSC04078.jpg?w=1364&amp;ssl=1 1364w\" sizes=\"auto, (max-width: 604px) 100vw, 604px\" \/><\/a><\/figure>\n\n\n\n<figure class=\"wp-block-image size-large\"><a href=\"https:\/\/i0.wp.com\/sac-homberg.ch\/wordpress\/wp-content\/uploads\/2023\/02\/DSC04081.jpg?ssl=1\"><img data-recalc-dims=\"1\" loading=\"lazy\" decoding=\"async\" width=\"604\" height=\"340\" data-id=\"6411\" src=\"https:\/\/i0.wp.com\/sac-homberg.ch\/wordpress\/wp-content\/uploads\/2023\/02\/DSC04081.jpg?resize=604%2C340&#038;ssl=1\" alt=\"\" class=\"wp-image-6411\" srcset=\"https:\/\/i0.wp.com\/sac-homberg.ch\/wordpress\/wp-content\/uploads\/2023\/02\/DSC04081.jpg?resize=1024%2C577&amp;ssl=1 1024w, https:\/\/i0.wp.com\/sac-homberg.ch\/wordpress\/wp-content\/uploads\/2023\/02\/DSC04081.jpg?resize=300%2C169&amp;ssl=1 300w, https:\/\/i0.wp.com\/sac-homberg.ch\/wordpress\/wp-content\/uploads\/2023\/02\/DSC04081.jpg?resize=768%2C432&amp;ssl=1 768w, https:\/\/i0.wp.com\/sac-homberg.ch\/wordpress\/wp-content\/uploads\/2023\/02\/DSC04081.jpg?resize=1200%2C675&amp;ssl=1 1200w, https:\/\/i0.wp.com\/sac-homberg.ch\/wordpress\/wp-content\/uploads\/2023\/02\/DSC04081.jpg?w=1364&amp;ssl=1 1364w\" sizes=\"auto, (max-width: 604px) 100vw, 604px\" \/><\/a><\/figure>\n\n\n\n<figure class=\"wp-block-image size-large\"><a href=\"https:\/\/i0.wp.com\/sac-homberg.ch\/wordpress\/wp-content\/uploads\/2023\/02\/DSC04086.jpg?ssl=1\"><img data-recalc-dims=\"1\" loading=\"lazy\" decoding=\"async\" width=\"604\" height=\"340\" data-id=\"6413\" src=\"https:\/\/i0.wp.com\/sac-homberg.ch\/wordpress\/wp-content\/uploads\/2023\/02\/DSC04086.jpg?resize=604%2C340&#038;ssl=1\" alt=\"\" class=\"wp-image-6413\" srcset=\"https:\/\/i0.wp.com\/sac-homberg.ch\/wordpress\/wp-content\/uploads\/2023\/02\/DSC04086.jpg?resize=1024%2C577&amp;ssl=1 1024w, https:\/\/i0.wp.com\/sac-homberg.ch\/wordpress\/wp-content\/uploads\/2023\/02\/DSC04086.jpg?resize=300%2C169&amp;ssl=1 300w, https:\/\/i0.wp.com\/sac-homberg.ch\/wordpress\/wp-content\/uploads\/2023\/02\/DSC04086.jpg?resize=768%2C432&amp;ssl=1 768w, https:\/\/i0.wp.com\/sac-homberg.ch\/wordpress\/wp-content\/uploads\/2023\/02\/DSC04086.jpg?resize=1200%2C675&amp;ssl=1 1200w, https:\/\/i0.wp.com\/sac-homberg.ch\/wordpress\/wp-content\/uploads\/2023\/02\/DSC04086.jpg?w=1364&amp;ssl=1 1364w\" sizes=\"auto, (max-width: 604px) 100vw, 604px\" \/><\/a><\/figure>\n\n\n\n<figure class=\"wp-block-image size-large\"><a href=\"https:\/\/i0.wp.com\/sac-homberg.ch\/wordpress\/wp-content\/uploads\/2023\/02\/DSC04096.jpg?ssl=1\"><img data-recalc-dims=\"1\" loading=\"lazy\" decoding=\"async\" width=\"604\" height=\"340\" data-id=\"6412\" src=\"https:\/\/i0.wp.com\/sac-homberg.ch\/wordpress\/wp-content\/uploads\/2023\/02\/DSC04096.jpg?resize=604%2C340&#038;ssl=1\" alt=\"\" class=\"wp-image-6412\" srcset=\"https:\/\/i0.wp.com\/sac-homberg.ch\/wordpress\/wp-content\/uploads\/2023\/02\/DSC04096.jpg?resize=1024%2C577&amp;ssl=1 1024w, https:\/\/i0.wp.com\/sac-homberg.ch\/wordpress\/wp-content\/uploads\/2023\/02\/DSC04096.jpg?resize=300%2C169&amp;ssl=1 300w, https:\/\/i0.wp.com\/sac-homberg.ch\/wordpress\/wp-content\/uploads\/2023\/02\/DSC04096.jpg?resize=768%2C432&amp;ssl=1 768w, https:\/\/i0.wp.com\/sac-homberg.ch\/wordpress\/wp-content\/uploads\/2023\/02\/DSC04096.jpg?resize=1200%2C675&amp;ssl=1 1200w, https:\/\/i0.wp.com\/sac-homberg.ch\/wordpress\/wp-content\/uploads\/2023\/02\/DSC04096.jpg?w=1364&amp;ssl=1 1364w\" sizes=\"auto, (max-width: 604px) 100vw, 604px\" \/><\/a><\/figure>\n\n\n\n<figure class=\"wp-block-image size-large\"><a href=\"https:\/\/i0.wp.com\/sac-homberg.ch\/wordpress\/wp-content\/uploads\/2023\/02\/DSC04101.jpg?ssl=1\"><img data-recalc-dims=\"1\" loading=\"lazy\" decoding=\"async\" width=\"604\" height=\"340\" data-id=\"6414\" src=\"https:\/\/i0.wp.com\/sac-homberg.ch\/wordpress\/wp-content\/uploads\/2023\/02\/DSC04101.jpg?resize=604%2C340&#038;ssl=1\" alt=\"\" class=\"wp-image-6414\" srcset=\"https:\/\/i0.wp.com\/sac-homberg.ch\/wordpress\/wp-content\/uploads\/2023\/02\/DSC04101.jpg?resize=1024%2C577&amp;ssl=1 1024w, https:\/\/i0.wp.com\/sac-homberg.ch\/wordpress\/wp-content\/uploads\/2023\/02\/DSC04101.jpg?resize=300%2C169&amp;ssl=1 300w, https:\/\/i0.wp.com\/sac-homberg.ch\/wordpress\/wp-content\/uploads\/2023\/02\/DSC04101.jpg?resize=768%2C432&amp;ssl=1 768w, https:\/\/i0.wp.com\/sac-homberg.ch\/wordpress\/wp-content\/uploads\/2023\/02\/DSC04101.jpg?resize=1200%2C675&amp;ssl=1 1200w, https:\/\/i0.wp.com\/sac-homberg.ch\/wordpress\/wp-content\/uploads\/2023\/02\/DSC04101.jpg?w=1364&amp;ssl=1 1364w\" sizes=\"auto, (max-width: 604px) 100vw, 604px\" \/><\/a><\/figure>\n\n\n\n<figure class=\"wp-block-image size-large\"><a href=\"https:\/\/i0.wp.com\/sac-homberg.ch\/wordpress\/wp-content\/uploads\/2023\/02\/P1020552.jpg?ssl=1\"><img data-recalc-dims=\"1\" loading=\"lazy\" decoding=\"async\" width=\"604\" height=\"453\" data-id=\"6415\" src=\"https:\/\/i0.wp.com\/sac-homberg.ch\/wordpress\/wp-content\/uploads\/2023\/02\/P1020552.jpg?resize=604%2C453&#038;ssl=1\" alt=\"\" class=\"wp-image-6415\" srcset=\"https:\/\/i0.wp.com\/sac-homberg.ch\/wordpress\/wp-content\/uploads\/2023\/02\/P1020552.jpg?w=1024&amp;ssl=1 1024w, https:\/\/i0.wp.com\/sac-homberg.ch\/wordpress\/wp-content\/uploads\/2023\/02\/P1020552.jpg?resize=300%2C225&amp;ssl=1 300w, https:\/\/i0.wp.com\/sac-homberg.ch\/wordpress\/wp-content\/uploads\/2023\/02\/P1020552.jpg?resize=768%2C576&amp;ssl=1 768w\" sizes=\"auto, (max-width: 604px) 100vw, 604px\" \/><\/a><\/figure>\n\n\n\n<figure class=\"wp-block-image size-large\"><a href=\"https:\/\/i0.wp.com\/sac-homberg.ch\/wordpress\/wp-content\/uploads\/2023\/02\/P1020554.jpg?ssl=1\"><img data-recalc-dims=\"1\" loading=\"lazy\" decoding=\"async\" width=\"604\" height=\"453\" data-id=\"6416\" src=\"https:\/\/i0.wp.com\/sac-homberg.ch\/wordpress\/wp-content\/uploads\/2023\/02\/P1020554.jpg?resize=604%2C453&#038;ssl=1\" alt=\"\" class=\"wp-image-6416\" srcset=\"https:\/\/i0.wp.com\/sac-homberg.ch\/wordpress\/wp-content\/uploads\/2023\/02\/P1020554.jpg?w=1024&amp;ssl=1 1024w, https:\/\/i0.wp.com\/sac-homberg.ch\/wordpress\/wp-content\/uploads\/2023\/02\/P1020554.jpg?resize=300%2C225&amp;ssl=1 300w, https:\/\/i0.wp.com\/sac-homberg.ch\/wordpress\/wp-content\/uploads\/2023\/02\/P1020554.jpg?resize=768%2C576&amp;ssl=1 768w\" sizes=\"auto, (max-width: 604px) 100vw, 604px\" \/><\/a><\/figure>\n\n\n\n<figure class=\"wp-block-image size-large\"><a href=\"https:\/\/i0.wp.com\/sac-homberg.ch\/wordpress\/wp-content\/uploads\/2023\/02\/P1020556.jpg?ssl=1\"><img data-recalc-dims=\"1\" loading=\"lazy\" decoding=\"async\" width=\"604\" height=\"453\" data-id=\"6417\" src=\"https:\/\/i0.wp.com\/sac-homberg.ch\/wordpress\/wp-content\/uploads\/2023\/02\/P1020556.jpg?resize=604%2C453&#038;ssl=1\" alt=\"\" class=\"wp-image-6417\" srcset=\"https:\/\/i0.wp.com\/sac-homberg.ch\/wordpress\/wp-content\/uploads\/2023\/02\/P1020556.jpg?w=1024&amp;ssl=1 1024w, https:\/\/i0.wp.com\/sac-homberg.ch\/wordpress\/wp-content\/uploads\/2023\/02\/P1020556.jpg?resize=300%2C225&amp;ssl=1 300w, https:\/\/i0.wp.com\/sac-homberg.ch\/wordpress\/wp-content\/uploads\/2023\/02\/P1020556.jpg?resize=768%2C576&amp;ssl=1 768w\" sizes=\"auto, (max-width: 604px) 100vw, 604px\" \/><\/a><\/figure>\n\n\n\n<figure class=\"wp-block-image size-large\"><a href=\"https:\/\/i0.wp.com\/sac-homberg.ch\/wordpress\/wp-content\/uploads\/2023\/02\/P1020569.jpg?ssl=1\"><img data-recalc-dims=\"1\" loading=\"lazy\" decoding=\"async\" width=\"604\" height=\"453\" data-id=\"6418\" src=\"https:\/\/i0.wp.com\/sac-homberg.ch\/wordpress\/wp-content\/uploads\/2023\/02\/P1020569.jpg?resize=604%2C453&#038;ssl=1\" alt=\"\" class=\"wp-image-6418\" srcset=\"https:\/\/i0.wp.com\/sac-homberg.ch\/wordpress\/wp-content\/uploads\/2023\/02\/P1020569.jpg?w=1024&amp;ssl=1 1024w, https:\/\/i0.wp.com\/sac-homberg.ch\/wordpress\/wp-content\/uploads\/2023\/02\/P1020569.jpg?resize=300%2C225&amp;ssl=1 300w, https:\/\/i0.wp.com\/sac-homberg.ch\/wordpress\/wp-content\/uploads\/2023\/02\/P1020569.jpg?resize=768%2C576&amp;ssl=1 768w\" sizes=\"auto, (max-width: 604px) 100vw, 604px\" \/><\/a><\/figure>\n<\/figure>\n","protected":false},"excerpt":{"rendered":"<p>vom 31. Januar 2023 Tourenleiter: Andr\u00e9 Sommerhalder&nbsp;&nbsp;&nbsp;&nbsp; &nbsp; Teilnehmende: Walter Knobel, Ingrid Knobel, J\u00f6rg Haller, Sibylla Haller, Therese Haller, Hans Suter, Karl Stutz, Peter Brehm, Heidi Brehm, Regula Gacond, Ruth R\u00f6theli, Markus R\u00f6theli, Hugo Forrer, Annelise Forrer, Lisa Betschard, Reinhard Willi, Hanspeter Schaffner, Ursula Stolz, R\u00f6bi Stolz, Marianne Graf, Richard Graf, Max Brunner (nur zum &hellip; <a href=\"https:\/\/sac-homberg.ch\/wordpress\/2023\/01\/sempachersee-mauensee-mit-kaltbach-hoehlen\/\" class=\"more-link\"><span class=\"screen-reader-text\">Sempachersee &#8211; Mauensee mit Kaltbach H\u00f6hlen<\/span> weiterlesen <span class=\"meta-nav\">&rarr;<\/span><\/a><\/p>\n","protected":false},"author":1,"featured_media":6417,"comment_status":"open","ping_status":"open","sticky":false,"template":"","format":"standard","meta":{"_monsterinsights_skip_tracking":false,"_monsterinsights_sitenote_active":false,"_monsterinsights_sitenote_note":"","_monsterinsights_sitenote_category":0,"jetpack_post_was_ever_published":false,"_jetpack_newsletter_access":"","_jetpack_dont_email_post_to_subs":false,"_jetpack_newsletter_tier_id":0,"_jetpack_memberships_contains_paywalled_content":false,"_jetpack_memberships_contains_paid_content":false,"footnotes":"","jetpack_publicize_message":"Die Senioren wanderten vom Sempachersee zum Mauensee.","jetpack_publicize_feature_enabled":true,"jetpack_social_post_already_shared":false,"jetpack_social_options":{"image_generator_settings":{"template":"highway","default_image_id":0,"font":"","enabled":false},"version":2}},"categories":[27,77],"tags":[456,464,463,44],"class_list":["post-6410","post","type-post","status-publish","format-standard","has-post-thumbnail","hentry","category-tourenberichtsenioren","category-winter","tag-456","tag-mauensee","tag-sempachersee","tag-winterwanderung"],"jetpack_publicize_connections":[],"jetpack_featured_media_url":"https:\/\/i0.wp.com\/sac-homberg.ch\/wordpress\/wp-content\/uploads\/2023\/02\/P1020556.jpg?fit=1024%2C768&ssl=1","jetpack_shortlink":"https:\/\/wp.me\/p772lX-1Fo","jetpack_sharing_enabled":true,"_links":{"self":[{"href":"https:\/\/sac-homberg.ch\/wordpress\/wp-json\/wp\/v2\/posts\/6410","targetHints":{"allow":["GET"]}}],"collection":[{"href":"https:\/\/sac-homberg.ch\/wordpress\/wp-json\/wp\/v2\/posts"}],"about":[{"href":"https:\/\/sac-homberg.ch\/wordpress\/wp-json\/wp\/v2\/types\/post"}],"author":[{"embeddable":true,"href":"https:\/\/sac-homberg.ch\/wordpress\/wp-json\/wp\/v2\/users\/1"}],"replies":[{"embeddable":true,"href":"https:\/\/sac-homberg.ch\/wordpress\/wp-json\/wp\/v2\/comments?post=6410"}],"version-history":[{"count":1,"href":"https:\/\/sac-homberg.ch\/wordpress\/wp-json\/wp\/v2\/posts\/6410\/revisions"}],"predecessor-version":[{"id":6420,"href":"https:\/\/sac-homberg.ch\/wordpress\/wp-json\/wp\/v2\/posts\/6410\/revisions\/6420"}],"wp:featuredmedia":[{"embeddable":true,"href":"https:\/\/sac-homberg.ch\/wordpress\/wp-json\/wp\/v2\/media\/6417"}],"wp:attachment":[{"href":"https:\/\/sac-homberg.ch\/wordpress\/wp-json\/wp\/v2\/media?parent=6410"}],"wp:term":[{"taxonomy":"category","embeddable":true,"href":"https:\/\/sac-homberg.ch\/wordpress\/wp-json\/wp\/v2\/categories?post=6410"},{"taxonomy":"post_tag","embeddable":true,"href":"https:\/\/sac-homberg.ch\/wordpress\/wp-json\/wp\/v2\/tags?post=6410"}],"curies":[{"name":"wp","href":"https:\/\/api.w.org\/{rel}","templated":true}]}}