{"id":8998,"date":"2026-02-20T17:56:50","date_gmt":"2026-02-20T16:56:50","guid":{"rendered":"https:\/\/sac-homberg.ch\/wordpress\/?p=8998"},"modified":"2026-02-20T17:56:51","modified_gmt":"2026-02-20T16:56:51","slug":"wanderung-zur-habsburg-und-besichtigung-kp-gz-br-5","status":"publish","type":"post","link":"https:\/\/sac-homberg.ch\/wordpress\/2026\/02\/wanderung-zur-habsburg-und-besichtigung-kp-gz-br-5\/","title":{"rendered":"Wanderung zur Habsburg und Besichtigung KP Gz Br 5"},"content":{"rendered":"\n<p>Mittwoch, den 18. Februar 2026<\/p>\n\n\n\n<p>Tourenleiter: Walter Knobel<\/p>\n\n\n\n<p>Teilnehmer (38): Andy Bertschi, Kurt Bolliger, Lili Boss, Peter Brehm, Heidi Brehm, Beatrice Bucher, Jost Bucher, Ruth Eichenberger, Ursi Fischer, Annelies Forrer, Hugo Forrer, Marc Gacond, Regula Gacond, Doris Graf, Richard Graf, Sibylla Haller, Therese Haller, Ingrid Hasler, Rolf Hasler, K\u00e4thi Hediger, Paul Hediger, Oski Hintermann, Esther Hupfer, Urs Hupfer, Ingrid Knobel, Walter Knobel, Rosmarie Minnig, Sam Moser, Silvia Pertl, Irene Peyer (Gast), Markus R\u00f6theli, Ruth R\u00f6theli, Margret Spengler, Hans Suter, Elisabeth Strub (Gast), Andr\u00e9 Sommerhalder, Reini Willi, Brigitte Zeltner<\/p>\n\n\n\n<!--more-->\n\n\n\n<p>Schlechter kann ein Wetterbericht nicht sein als jener f\u00fcr den 18. Februar: \u201eAnhaltende Niederschl\u00e4ge, erst als Schnee bis in die Niederungen, am Nachmittag \u00fcbergehend in Regen\u201c. Und trotzdem besammeln sich an diesem tr\u00fcben Morgen 30 warm und wasserdicht angezogen Homberg Seniorinnen und Senioren im ehemaligenB\u00e4ckerei\/Caf\u00e9 Moosberger beim Bahnhof Wildegg. Weitere acht stossen dann beim Mittagessen auf der Habsburg dazu.<\/p>\n\n\n\n<p>P\u00fcnktlich zum Abmarsch und genau den Prognosen entsprechend setzt Schneefall ein. Wir \u00fcberqueren Aabach und B\u00fcnz, beide f\u00fchren Hochwasser, blicken in den Sodbrunnen unten am Schlossh\u00fcgel und steigen dann zum Schloss auf. Erste Lektion in Heimatkunde zum Thema Schloss Wildegg. Der Schnee f\u00e4llt nun nass und dicht. Der schmale Pfad steigt sanft an, schl\u00e4ngelt durch Wald, umrundet den Nordausl\u00e4ufer des Chestenberges. Der lange Tatzelwurm der Hombergler folgt in leichtem Auf und Ab erh\u00f6ht der S\u00fcdflanke des Aaretales. Der von den tagelangen Regenf\u00e4llen der Vortage durchn\u00e4sste Pfad ist nun v\u00f6llig eingeschneit und zum teil rutschig. Vorsichtiges Gehen ist angesagt. Die Stimmung im dichten, nassen Schneefall und Nebel bis zum Boden ist mystisch, geheimnisvoll.<\/p>\n\n\n\n<p>Ueber einen Hohlweg, ein offenes Feld und den Burgh\u00fcgel erreichen wir die Habsburg, fr\u00fcherer Stammsitz eines m\u00e4chtigen F\u00fcrstengeschlechtes. Wir haben drei Stunden gebraucht. Acht der Unsrigen sitzen bereits in der gem\u00fctlichen Gaststube, die sich nun bis zum letzten Platz f\u00fcllt. Warme Suppe und volle Teller werden gereicht, Wein vom Hiesigen wird eingeschenkt. Einige Ausf\u00fchrungen zur Habsburg und deren Geschichte und das von Troubadour Marc auf der Ukulele gespielte Lied von der Gilberte de Courgenay finden neben den Tischgespr\u00e4chen auch noch Platz.<\/p>\n\n\n\n<p>Um zwei Uhr marschieren 24 Hombergler\/innen in Richtung KP GZ Br 5 ab, einige werden von Lili und Ursi motortransportiert. Die \u00fcbrigen fahren mit Autos nach Hause oder steigen mit Ingrid zum Bahnhof Schinznach Bad ab. Via Waldflanke, Golfplatz, Kurbad und Aarebr\u00fccken wird nach weiteren 75 Minuten recht z\u00fcgigen Fussmarsches die Bunkeranlage mit dem Kommandoposten der ehemaligen Grenzbrigade 5 erreicht. Hanspeter Biland und Fritz Gehring nehmen uns in Empfang. Mittlerweile sind wir durchn\u00e4sst. In zwei Gruppen werden wir kundig durch die unterirdischen R\u00e4ume gef\u00fchrt, die von ehrenamtlichen und geschichtsbewussten M\u00e4nnern des Vereins Festungsmuseum nahezu originalgetreu wieder eingerichtet wurden. Von hier aus wurden die 12\u2018000 M\u00e4nner gef\u00fchrt, denen im Zweiten Weltkrieg und Im Kalten Krieg die Verteidigung der Rheingrenze, des Unteren Aaretales und der aargauischen Jura\u00fcberg\u00e4nge oblag.<\/p>\n\n\n\n<p>Der Tourenleiter war einer dieser Wehrm\u00e4nner. Eindr\u00fccklich. Gut, dass was hier ge\u00fcbt wurde, nie zur Anwendung kommen musste. Kurz nach f\u00fcnf Uhr fahren die Busse von Wallbach nach Wildegg und Brugg. Es regnet nun in Str\u00f6men. Ein abwechslungsreicher, geschichtstr\u00e4chtiger, aber auch strenger Tag geht zu Ende. Der Schrittz\u00e4hler des Tourenleiters z\u00e4hlt 26\u2018000 Schritte. Danke allen Teilnehmenden. Wetterfest sind sie, die Hombergler.<\/p>\n\n\n\n<p>Walter Knobel<\/p>\n\n\n\n<figure class=\"wp-block-gallery has-nested-images columns-default is-cropped wp-block-gallery-1 is-layout-flex wp-block-gallery-is-layout-flex\">\n<figure class=\"wp-block-image size-large\"><a href=\"https:\/\/i0.wp.com\/sac-homberg.ch\/wordpress\/wp-content\/uploads\/2026\/02\/2026-02-18-10.37.00.jpg?ssl=1\"><img data-recalc-dims=\"1\" loading=\"lazy\" decoding=\"async\" width=\"604\" height=\"453\" data-id=\"8999\" src=\"https:\/\/i0.wp.com\/sac-homberg.ch\/wordpress\/wp-content\/uploads\/2026\/02\/2026-02-18-10.37.00.jpg?resize=604%2C453&#038;ssl=1\" alt=\"\" class=\"wp-image-8999\" srcset=\"https:\/\/i0.wp.com\/sac-homberg.ch\/wordpress\/wp-content\/uploads\/2026\/02\/2026-02-18-10.37.00.jpg?w=1024&amp;ssl=1 1024w, https:\/\/i0.wp.com\/sac-homberg.ch\/wordpress\/wp-content\/uploads\/2026\/02\/2026-02-18-10.37.00.jpg?resize=300%2C225&amp;ssl=1 300w, https:\/\/i0.wp.com\/sac-homberg.ch\/wordpress\/wp-content\/uploads\/2026\/02\/2026-02-18-10.37.00.jpg?resize=768%2C576&amp;ssl=1 768w\" sizes=\"auto, (max-width: 604px) 100vw, 604px\" \/><\/a><\/figure>\n\n\n\n<figure class=\"wp-block-image size-large\"><a href=\"https:\/\/i0.wp.com\/sac-homberg.ch\/wordpress\/wp-content\/uploads\/2026\/02\/2026-02-18-10.37.32.jpg?ssl=1\"><img data-recalc-dims=\"1\" loading=\"lazy\" decoding=\"async\" width=\"604\" height=\"453\" data-id=\"9000\" src=\"https:\/\/i0.wp.com\/sac-homberg.ch\/wordpress\/wp-content\/uploads\/2026\/02\/2026-02-18-10.37.32.jpg?resize=604%2C453&#038;ssl=1\" alt=\"\" class=\"wp-image-9000\" srcset=\"https:\/\/i0.wp.com\/sac-homberg.ch\/wordpress\/wp-content\/uploads\/2026\/02\/2026-02-18-10.37.32.jpg?w=1024&amp;ssl=1 1024w, https:\/\/i0.wp.com\/sac-homberg.ch\/wordpress\/wp-content\/uploads\/2026\/02\/2026-02-18-10.37.32.jpg?resize=300%2C225&amp;ssl=1 300w, https:\/\/i0.wp.com\/sac-homberg.ch\/wordpress\/wp-content\/uploads\/2026\/02\/2026-02-18-10.37.32.jpg?resize=768%2C576&amp;ssl=1 768w\" sizes=\"auto, (max-width: 604px) 100vw, 604px\" \/><\/a><\/figure>\n\n\n\n<figure class=\"wp-block-image size-large\"><a href=\"https:\/\/i0.wp.com\/sac-homberg.ch\/wordpress\/wp-content\/uploads\/2026\/02\/2026-02-18-11.22.00.jpg?ssl=1\"><img data-recalc-dims=\"1\" loading=\"lazy\" decoding=\"async\" width=\"604\" height=\"453\" data-id=\"9002\" src=\"https:\/\/i0.wp.com\/sac-homberg.ch\/wordpress\/wp-content\/uploads\/2026\/02\/2026-02-18-11.22.00.jpg?resize=604%2C453&#038;ssl=1\" alt=\"\" class=\"wp-image-9002\" srcset=\"https:\/\/i0.wp.com\/sac-homberg.ch\/wordpress\/wp-content\/uploads\/2026\/02\/2026-02-18-11.22.00.jpg?w=1024&amp;ssl=1 1024w, https:\/\/i0.wp.com\/sac-homberg.ch\/wordpress\/wp-content\/uploads\/2026\/02\/2026-02-18-11.22.00.jpg?resize=300%2C225&amp;ssl=1 300w, https:\/\/i0.wp.com\/sac-homberg.ch\/wordpress\/wp-content\/uploads\/2026\/02\/2026-02-18-11.22.00.jpg?resize=768%2C576&amp;ssl=1 768w\" sizes=\"auto, (max-width: 604px) 100vw, 604px\" \/><\/a><\/figure>\n\n\n\n<figure class=\"wp-block-image size-large\"><a href=\"https:\/\/i0.wp.com\/sac-homberg.ch\/wordpress\/wp-content\/uploads\/2026\/02\/2026-02-18-14.24.42.jpg?ssl=1\"><img data-recalc-dims=\"1\" loading=\"lazy\" decoding=\"async\" width=\"604\" height=\"453\" data-id=\"9001\" src=\"https:\/\/i0.wp.com\/sac-homberg.ch\/wordpress\/wp-content\/uploads\/2026\/02\/2026-02-18-14.24.42.jpg?resize=604%2C453&#038;ssl=1\" alt=\"\" class=\"wp-image-9001\" srcset=\"https:\/\/i0.wp.com\/sac-homberg.ch\/wordpress\/wp-content\/uploads\/2026\/02\/2026-02-18-14.24.42.jpg?w=1024&amp;ssl=1 1024w, https:\/\/i0.wp.com\/sac-homberg.ch\/wordpress\/wp-content\/uploads\/2026\/02\/2026-02-18-14.24.42.jpg?resize=300%2C225&amp;ssl=1 300w, https:\/\/i0.wp.com\/sac-homberg.ch\/wordpress\/wp-content\/uploads\/2026\/02\/2026-02-18-14.24.42.jpg?resize=768%2C576&amp;ssl=1 768w\" sizes=\"auto, (max-width: 604px) 100vw, 604px\" \/><\/a><\/figure>\n\n\n\n<figure class=\"wp-block-image size-large\"><a href=\"https:\/\/i0.wp.com\/sac-homberg.ch\/wordpress\/wp-content\/uploads\/2026\/02\/IMG_0011.jpeg?ssl=1\"><img data-recalc-dims=\"1\" loading=\"lazy\" decoding=\"async\" width=\"604\" height=\"805\" data-id=\"9003\" src=\"https:\/\/i0.wp.com\/sac-homberg.ch\/wordpress\/wp-content\/uploads\/2026\/02\/IMG_0011.jpeg?resize=604%2C805&#038;ssl=1\" alt=\"\" class=\"wp-image-9003\" srcset=\"https:\/\/i0.wp.com\/sac-homberg.ch\/wordpress\/wp-content\/uploads\/2026\/02\/IMG_0011.jpeg?w=768&amp;ssl=1 768w, https:\/\/i0.wp.com\/sac-homberg.ch\/wordpress\/wp-content\/uploads\/2026\/02\/IMG_0011.jpeg?resize=225%2C300&amp;ssl=1 225w\" sizes=\"auto, (max-width: 604px) 100vw, 604px\" \/><\/a><\/figure>\n\n\n\n<figure class=\"wp-block-image size-large\"><a href=\"https:\/\/i0.wp.com\/sac-homberg.ch\/wordpress\/wp-content\/uploads\/2026\/02\/IMG_0017.jpeg?ssl=1\"><img data-recalc-dims=\"1\" loading=\"lazy\" decoding=\"async\" width=\"604\" height=\"805\" data-id=\"9005\" src=\"https:\/\/i0.wp.com\/sac-homberg.ch\/wordpress\/wp-content\/uploads\/2026\/02\/IMG_0017.jpeg?resize=604%2C805&#038;ssl=1\" alt=\"\" class=\"wp-image-9005\" srcset=\"https:\/\/i0.wp.com\/sac-homberg.ch\/wordpress\/wp-content\/uploads\/2026\/02\/IMG_0017.jpeg?w=768&amp;ssl=1 768w, https:\/\/i0.wp.com\/sac-homberg.ch\/wordpress\/wp-content\/uploads\/2026\/02\/IMG_0017.jpeg?resize=225%2C300&amp;ssl=1 225w\" sizes=\"auto, (max-width: 604px) 100vw, 604px\" \/><\/a><\/figure>\n\n\n\n<figure class=\"wp-block-image size-large\"><a href=\"https:\/\/i0.wp.com\/sac-homberg.ch\/wordpress\/wp-content\/uploads\/2026\/02\/IMG_0051.jpeg?ssl=1\"><img data-recalc-dims=\"1\" loading=\"lazy\" decoding=\"async\" width=\"604\" height=\"805\" data-id=\"9004\" src=\"https:\/\/i0.wp.com\/sac-homberg.ch\/wordpress\/wp-content\/uploads\/2026\/02\/IMG_0051.jpeg?resize=604%2C805&#038;ssl=1\" alt=\"\" class=\"wp-image-9004\" srcset=\"https:\/\/i0.wp.com\/sac-homberg.ch\/wordpress\/wp-content\/uploads\/2026\/02\/IMG_0051.jpeg?w=768&amp;ssl=1 768w, https:\/\/i0.wp.com\/sac-homberg.ch\/wordpress\/wp-content\/uploads\/2026\/02\/IMG_0051.jpeg?resize=225%2C300&amp;ssl=1 225w\" sizes=\"auto, (max-width: 604px) 100vw, 604px\" \/><\/a><\/figure>\n\n\n\n<figure class=\"wp-block-image size-large\"><a href=\"https:\/\/i0.wp.com\/sac-homberg.ch\/wordpress\/wp-content\/uploads\/2026\/02\/IMG_0054.jpeg?ssl=1\"><img data-recalc-dims=\"1\" loading=\"lazy\" decoding=\"async\" width=\"604\" height=\"453\" data-id=\"9007\" src=\"https:\/\/i0.wp.com\/sac-homberg.ch\/wordpress\/wp-content\/uploads\/2026\/02\/IMG_0054.jpeg?resize=604%2C453&#038;ssl=1\" alt=\"\" class=\"wp-image-9007\" srcset=\"https:\/\/i0.wp.com\/sac-homberg.ch\/wordpress\/wp-content\/uploads\/2026\/02\/IMG_0054.jpeg?w=1024&amp;ssl=1 1024w, https:\/\/i0.wp.com\/sac-homberg.ch\/wordpress\/wp-content\/uploads\/2026\/02\/IMG_0054.jpeg?resize=300%2C225&amp;ssl=1 300w, https:\/\/i0.wp.com\/sac-homberg.ch\/wordpress\/wp-content\/uploads\/2026\/02\/IMG_0054.jpeg?resize=768%2C576&amp;ssl=1 768w\" sizes=\"auto, (max-width: 604px) 100vw, 604px\" \/><\/a><\/figure>\n\n\n\n<figure class=\"wp-block-image size-large\"><a href=\"https:\/\/i0.wp.com\/sac-homberg.ch\/wordpress\/wp-content\/uploads\/2026\/02\/IMG_0064.jpeg?ssl=1\"><img data-recalc-dims=\"1\" loading=\"lazy\" decoding=\"async\" width=\"604\" height=\"453\" data-id=\"9006\" src=\"https:\/\/i0.wp.com\/sac-homberg.ch\/wordpress\/wp-content\/uploads\/2026\/02\/IMG_0064.jpeg?resize=604%2C453&#038;ssl=1\" alt=\"\" class=\"wp-image-9006\" srcset=\"https:\/\/i0.wp.com\/sac-homberg.ch\/wordpress\/wp-content\/uploads\/2026\/02\/IMG_0064.jpeg?w=1024&amp;ssl=1 1024w, https:\/\/i0.wp.com\/sac-homberg.ch\/wordpress\/wp-content\/uploads\/2026\/02\/IMG_0064.jpeg?resize=300%2C225&amp;ssl=1 300w, https:\/\/i0.wp.com\/sac-homberg.ch\/wordpress\/wp-content\/uploads\/2026\/02\/IMG_0064.jpeg?resize=768%2C576&amp;ssl=1 768w\" sizes=\"auto, (max-width: 604px) 100vw, 604px\" \/><\/a><\/figure>\n\n\n\n<figure class=\"wp-block-image size-large\"><a href=\"https:\/\/i0.wp.com\/sac-homberg.ch\/wordpress\/wp-content\/uploads\/2026\/02\/IMG_0072.jpeg?ssl=1\"><img data-recalc-dims=\"1\" loading=\"lazy\" decoding=\"async\" width=\"604\" height=\"453\" data-id=\"9008\" src=\"https:\/\/i0.wp.com\/sac-homberg.ch\/wordpress\/wp-content\/uploads\/2026\/02\/IMG_0072.jpeg?resize=604%2C453&#038;ssl=1\" alt=\"\" class=\"wp-image-9008\" srcset=\"https:\/\/i0.wp.com\/sac-homberg.ch\/wordpress\/wp-content\/uploads\/2026\/02\/IMG_0072.jpeg?w=1024&amp;ssl=1 1024w, https:\/\/i0.wp.com\/sac-homberg.ch\/wordpress\/wp-content\/uploads\/2026\/02\/IMG_0072.jpeg?resize=300%2C225&amp;ssl=1 300w, https:\/\/i0.wp.com\/sac-homberg.ch\/wordpress\/wp-content\/uploads\/2026\/02\/IMG_0072.jpeg?resize=768%2C576&amp;ssl=1 768w\" sizes=\"auto, (max-width: 604px) 100vw, 604px\" \/><\/a><\/figure>\n<\/figure>\n","protected":false},"excerpt":{"rendered":"<p>Mittwoch, den 18. Februar 2026 Tourenleiter: Walter Knobel Teilnehmer (38): Andy Bertschi, Kurt Bolliger, Lili Boss, Peter Brehm, Heidi Brehm, Beatrice Bucher, Jost Bucher, Ruth Eichenberger, Ursi Fischer, Annelies Forrer, Hugo Forrer, Marc Gacond, Regula Gacond, Doris Graf, Richard Graf, Sibylla Haller, Therese Haller, Ingrid Hasler, Rolf Hasler, K\u00e4thi Hediger, Paul Hediger, Oski Hintermann, Esther &hellip; <a href=\"https:\/\/sac-homberg.ch\/wordpress\/2026\/02\/wanderung-zur-habsburg-und-besichtigung-kp-gz-br-5\/\" class=\"more-link\"><span class=\"screen-reader-text\">Wanderung zur Habsburg und Besichtigung KP Gz Br 5<\/span> weiterlesen <span class=\"meta-nav\">&rarr;<\/span><\/a><\/p>\n","protected":false},"author":1,"featured_media":9002,"comment_status":"open","ping_status":"open","sticky":false,"template":"","format":"standard","meta":{"_monsterinsights_skip_tracking":false,"_monsterinsights_sitenote_active":false,"_monsterinsights_sitenote_note":"","_monsterinsights_sitenote_category":0,"jetpack_post_was_ever_published":false,"_jetpack_newsletter_access":"","_jetpack_dont_email_post_to_subs":false,"_jetpack_newsletter_tier_id":0,"_jetpack_memberships_contains_paywalled_content":false,"_jetpack_memberships_contains_paid_content":false,"footnotes":"","jetpack_publicize_message":"","jetpack_publicize_feature_enabled":true,"jetpack_social_post_already_shared":true,"jetpack_social_options":{"image_generator_settings":{"template":"highway","default_image_id":0,"font":"","enabled":false},"version":2}},"categories":[27,77],"tags":[615,159,622,44],"class_list":["post-8998","post","type-post","status-publish","format-standard","has-post-thumbnail","hentry","category-tourenberichtsenioren","category-winter","tag-615","tag-habsburg","tag-kommandoposten","tag-winterwanderung"],"jetpack_publicize_connections":[],"jetpack_featured_media_url":"https:\/\/i0.wp.com\/sac-homberg.ch\/wordpress\/wp-content\/uploads\/2026\/02\/2026-02-18-11.22.00.jpg?fit=1024%2C768&ssl=1","jetpack_shortlink":"https:\/\/wp.me\/p772lX-2l8","jetpack_sharing_enabled":true,"_links":{"self":[{"href":"https:\/\/sac-homberg.ch\/wordpress\/wp-json\/wp\/v2\/posts\/8998","targetHints":{"allow":["GET"]}}],"collection":[{"href":"https:\/\/sac-homberg.ch\/wordpress\/wp-json\/wp\/v2\/posts"}],"about":[{"href":"https:\/\/sac-homberg.ch\/wordpress\/wp-json\/wp\/v2\/types\/post"}],"author":[{"embeddable":true,"href":"https:\/\/sac-homberg.ch\/wordpress\/wp-json\/wp\/v2\/users\/1"}],"replies":[{"embeddable":true,"href":"https:\/\/sac-homberg.ch\/wordpress\/wp-json\/wp\/v2\/comments?post=8998"}],"version-history":[{"count":1,"href":"https:\/\/sac-homberg.ch\/wordpress\/wp-json\/wp\/v2\/posts\/8998\/revisions"}],"predecessor-version":[{"id":9009,"href":"https:\/\/sac-homberg.ch\/wordpress\/wp-json\/wp\/v2\/posts\/8998\/revisions\/9009"}],"wp:featuredmedia":[{"embeddable":true,"href":"https:\/\/sac-homberg.ch\/wordpress\/wp-json\/wp\/v2\/media\/9002"}],"wp:attachment":[{"href":"https:\/\/sac-homberg.ch\/wordpress\/wp-json\/wp\/v2\/media?parent=8998"}],"wp:term":[{"taxonomy":"category","embeddable":true,"href":"https:\/\/sac-homberg.ch\/wordpress\/wp-json\/wp\/v2\/categories?post=8998"},{"taxonomy":"post_tag","embeddable":true,"href":"https:\/\/sac-homberg.ch\/wordpress\/wp-json\/wp\/v2\/tags?post=8998"}],"curies":[{"name":"wp","href":"https:\/\/api.w.org\/{rel}","templated":true}]}}