{"id":9010,"date":"2026-02-15T18:00:00","date_gmt":"2026-02-15T17:00:00","guid":{"rendered":"https:\/\/sac-homberg.ch\/wordpress\/?p=9010"},"modified":"2026-02-22T10:55:09","modified_gmt":"2026-02-22T09:55:09","slug":"skitour-stotzigen-firsten","status":"publish","type":"post","link":"https:\/\/sac-homberg.ch\/wordpress\/2026\/02\/skitour-stotzigen-firsten\/","title":{"rendered":"Skitour Stotzigen Firsten"},"content":{"rendered":"\n<p>vom 15. Februar 2026<\/p>\n\n\n\n<p><strong>Treffpunkt:<\/strong> Realp<br \/><strong>Leitung:<\/strong> Jonas &amp; Larissa<br \/><strong>Teilnehmer:<\/strong> Doris, Sarina, Delia, Fabiola, Fabian, Silvan, Severin, Fabio<br \/><strong>Start:<\/strong> 08:00 Uhr<\/p>\n\n\n\n<p>Die Tour stand wetterbedingt lange auf der Kippe, insbesondere hinsichtlich des Entscheids, wohin es gehen sollte. Aufgrund der geringen Schneeh\u00f6he w\u00e4ren wir auf Bergbahnen angewiesen gewesen, und die Tour h\u00e4tte urspr\u00fcnglich Richtung Bannalp f\u00fchren sollen. Diverse Bahnen in der Innerschweiz konnten am geplanten Tag wegen starken Winds jedoch nicht mit Sicherheit fahren. Daher musste eine andere L\u00f6sung gefunden werden. Zus\u00e4tzlich war das Lawinenbulletin erh\u00f6ht, weshalb wir uns f\u00fcr ein defensiveres Ersatzziel entschieden: den Stotzigen Firsten von Realp aus.<\/p>\n\n\n\n<!--more-->\n\n\n\n<p>Bereits beim Start setzte leichter Schneefall ein, und die Sicht war eingeschr\u00e4nkt. Die Spur f\u00fchrte uns taleinw\u00e4rts, begleitet von winterlicher Stimmung.<\/p>\n\n\n\n<p>Nach rund 500 H\u00f6henmetern verschlechterte sich die Sicht zunehmend. Die Situation nutzten wir f\u00fcr einen kurzen technischen Einschub: Spitzkehren-Training im Gel\u00e4nde.<\/p>\n\n\n\n<p>Zwischendurch \u00f6ffnete sich die Wolkendecke f\u00fcr einen Moment, und etwas Sonne brachte kurzzeitig bessere Orientierung.<\/p>\n\n\n\n<p>Nach etwa 700 H\u00f6henmetern entschieden wir uns als Gruppe aufgrund der anhaltend schlechten Sicht sowie des eher tiefen Energielevels zur Umkehr.<\/p>\n\n\n\n<p>Die Abfahrt glich stellenweise einem \u201eMenschenslalom\u201c, da zahlreiche Gruppen dasselbe Ziel gew\u00e4hlt hatten. Mit einer teilweise wilden Linie \u2013 inklusive kreativer Passage durch B\u00fcsche \u2013 erreichten wir schliesslich unversehrt wieder den Parkplatz in Realp.<\/p>\n\n\n\n<figure class=\"wp-block-gallery has-nested-images columns-default is-cropped wp-block-gallery-1 is-layout-flex wp-block-gallery-is-layout-flex\">\n<figure class=\"wp-block-image size-large\"><a href=\"https:\/\/i0.wp.com\/sac-homberg.ch\/wordpress\/wp-content\/uploads\/2026\/02\/20260215_073652930_iOS.jpg?ssl=1\"><img data-recalc-dims=\"1\" loading=\"lazy\" decoding=\"async\" width=\"576\" height=\"768\" data-id=\"9015\" src=\"https:\/\/i0.wp.com\/sac-homberg.ch\/wordpress\/wp-content\/uploads\/2026\/02\/20260215_073652930_iOS.jpg?resize=576%2C768&#038;ssl=1\" alt=\"\" class=\"wp-image-9015\" srcset=\"https:\/\/i0.wp.com\/sac-homberg.ch\/wordpress\/wp-content\/uploads\/2026\/02\/20260215_073652930_iOS.jpg?w=576&amp;ssl=1 576w, https:\/\/i0.wp.com\/sac-homberg.ch\/wordpress\/wp-content\/uploads\/2026\/02\/20260215_073652930_iOS.jpg?resize=225%2C300&amp;ssl=1 225w\" sizes=\"auto, (max-width: 576px) 100vw, 576px\" \/><\/a><\/figure>\n\n\n\n<figure class=\"wp-block-image size-large\"><a href=\"https:\/\/i0.wp.com\/sac-homberg.ch\/wordpress\/wp-content\/uploads\/2026\/02\/20260215_085008160_iOS.jpg?ssl=1\"><img data-recalc-dims=\"1\" loading=\"lazy\" decoding=\"async\" width=\"432\" height=\"768\" data-id=\"9016\" src=\"https:\/\/i0.wp.com\/sac-homberg.ch\/wordpress\/wp-content\/uploads\/2026\/02\/20260215_085008160_iOS.jpg?resize=432%2C768&#038;ssl=1\" alt=\"\" class=\"wp-image-9016\" srcset=\"https:\/\/i0.wp.com\/sac-homberg.ch\/wordpress\/wp-content\/uploads\/2026\/02\/20260215_085008160_iOS.jpg?w=432&amp;ssl=1 432w, https:\/\/i0.wp.com\/sac-homberg.ch\/wordpress\/wp-content\/uploads\/2026\/02\/20260215_085008160_iOS.jpg?resize=169%2C300&amp;ssl=1 169w\" sizes=\"auto, (max-width: 432px) 100vw, 432px\" \/><\/a><\/figure>\n\n\n\n<figure class=\"wp-block-image size-large\"><a href=\"https:\/\/i0.wp.com\/sac-homberg.ch\/wordpress\/wp-content\/uploads\/2026\/02\/WhatsApp-Image-2026-02-22-at-09.45.12.jpeg?ssl=1\"><img data-recalc-dims=\"1\" loading=\"lazy\" decoding=\"async\" width=\"604\" height=\"453\" data-id=\"9014\" src=\"https:\/\/i0.wp.com\/sac-homberg.ch\/wordpress\/wp-content\/uploads\/2026\/02\/WhatsApp-Image-2026-02-22-at-09.45.12.jpeg?resize=604%2C453&#038;ssl=1\" alt=\"\" class=\"wp-image-9014\" srcset=\"https:\/\/i0.wp.com\/sac-homberg.ch\/wordpress\/wp-content\/uploads\/2026\/02\/WhatsApp-Image-2026-02-22-at-09.45.12.jpeg?w=1024&amp;ssl=1 1024w, https:\/\/i0.wp.com\/sac-homberg.ch\/wordpress\/wp-content\/uploads\/2026\/02\/WhatsApp-Image-2026-02-22-at-09.45.12.jpeg?resize=300%2C225&amp;ssl=1 300w, https:\/\/i0.wp.com\/sac-homberg.ch\/wordpress\/wp-content\/uploads\/2026\/02\/WhatsApp-Image-2026-02-22-at-09.45.12.jpeg?resize=768%2C576&amp;ssl=1 768w\" sizes=\"auto, (max-width: 604px) 100vw, 604px\" \/><\/a><\/figure>\n\n\n\n<figure class=\"wp-block-image size-large\"><a href=\"https:\/\/i0.wp.com\/sac-homberg.ch\/wordpress\/wp-content\/uploads\/2026\/02\/WhatsApp-Image-2026-02-22-at-09.45.40.jpeg?ssl=1\"><img data-recalc-dims=\"1\" loading=\"lazy\" decoding=\"async\" width=\"604\" height=\"453\" data-id=\"9013\" src=\"https:\/\/i0.wp.com\/sac-homberg.ch\/wordpress\/wp-content\/uploads\/2026\/02\/WhatsApp-Image-2026-02-22-at-09.45.40.jpeg?resize=604%2C453&#038;ssl=1\" alt=\"\" class=\"wp-image-9013\" srcset=\"https:\/\/i0.wp.com\/sac-homberg.ch\/wordpress\/wp-content\/uploads\/2026\/02\/WhatsApp-Image-2026-02-22-at-09.45.40.jpeg?w=1024&amp;ssl=1 1024w, https:\/\/i0.wp.com\/sac-homberg.ch\/wordpress\/wp-content\/uploads\/2026\/02\/WhatsApp-Image-2026-02-22-at-09.45.40.jpeg?resize=300%2C225&amp;ssl=1 300w, https:\/\/i0.wp.com\/sac-homberg.ch\/wordpress\/wp-content\/uploads\/2026\/02\/WhatsApp-Image-2026-02-22-at-09.45.40.jpeg?resize=768%2C576&amp;ssl=1 768w\" sizes=\"auto, (max-width: 604px) 100vw, 604px\" \/><\/a><\/figure>\n<\/figure>\n","protected":false},"excerpt":{"rendered":"<p>vom 15. Februar 2026 Treffpunkt: RealpLeitung: Jonas &amp; LarissaTeilnehmer: Doris, Sarina, Delia, Fabiola, Fabian, Silvan, Severin, FabioStart: 08:00 Uhr Die Tour stand wetterbedingt lange auf der Kippe, insbesondere hinsichtlich des Entscheids, wohin es gehen sollte. Aufgrund der geringen Schneeh\u00f6he w\u00e4ren wir auf Bergbahnen angewiesen gewesen, und die Tour h\u00e4tte urspr\u00fcnglich Richtung Bannalp f\u00fchren sollen. Diverse &hellip; <a href=\"https:\/\/sac-homberg.ch\/wordpress\/2026\/02\/skitour-stotzigen-firsten\/\" class=\"more-link\"><span class=\"screen-reader-text\">Skitour Stotzigen Firsten<\/span> weiterlesen <span class=\"meta-nav\">&rarr;<\/span><\/a><\/p>\n","protected":false},"author":2,"featured_media":9013,"comment_status":"open","ping_status":"open","sticky":false,"template":"","format":"standard","meta":{"_monsterinsights_skip_tracking":false,"_monsterinsights_sitenote_active":false,"_monsterinsights_sitenote_note":"","_monsterinsights_sitenote_category":0,"jetpack_post_was_ever_published":false,"_jetpack_newsletter_access":"","_jetpack_dont_email_post_to_subs":false,"_jetpack_newsletter_tier_id":0,"_jetpack_memberships_contains_paywalled_content":false,"_jetpack_memberships_contains_paid_content":false,"footnotes":"","jetpack_publicize_message":"Trotz m\u00e4ssigen Witterungsbedingungen konnte die Skitour auf den Stotzigen Firsten stattfinden.","jetpack_publicize_feature_enabled":true,"jetpack_social_post_already_shared":false,"jetpack_social_options":{"image_generator_settings":{"template":"highway","default_image_id":0,"font":"","enabled":false},"version":2}},"categories":[29,28,77],"tags":[615,40,488],"class_list":["post-9010","post","type-post","status-publish","format-standard","has-post-thumbnail","hentry","category-tourenberichtjo","category-tourenberichtsektion","category-winter","tag-615","tag-skitour","tag-zentralschweiz"],"jetpack_publicize_connections":[],"jetpack_featured_media_url":"https:\/\/i0.wp.com\/sac-homberg.ch\/wordpress\/wp-content\/uploads\/2026\/02\/WhatsApp-Image-2026-02-22-at-09.45.40.jpeg?fit=1024%2C768&ssl=1","jetpack_shortlink":"https:\/\/wp.me\/p772lX-2lk","jetpack_sharing_enabled":true,"_links":{"self":[{"href":"https:\/\/sac-homberg.ch\/wordpress\/wp-json\/wp\/v2\/posts\/9010","targetHints":{"allow":["GET"]}}],"collection":[{"href":"https:\/\/sac-homberg.ch\/wordpress\/wp-json\/wp\/v2\/posts"}],"about":[{"href":"https:\/\/sac-homberg.ch\/wordpress\/wp-json\/wp\/v2\/types\/post"}],"author":[{"embeddable":true,"href":"https:\/\/sac-homberg.ch\/wordpress\/wp-json\/wp\/v2\/users\/2"}],"replies":[{"embeddable":true,"href":"https:\/\/sac-homberg.ch\/wordpress\/wp-json\/wp\/v2\/comments?post=9010"}],"version-history":[{"count":3,"href":"https:\/\/sac-homberg.ch\/wordpress\/wp-json\/wp\/v2\/posts\/9010\/revisions"}],"predecessor-version":[{"id":9017,"href":"https:\/\/sac-homberg.ch\/wordpress\/wp-json\/wp\/v2\/posts\/9010\/revisions\/9017"}],"wp:featuredmedia":[{"embeddable":true,"href":"https:\/\/sac-homberg.ch\/wordpress\/wp-json\/wp\/v2\/media\/9013"}],"wp:attachment":[{"href":"https:\/\/sac-homberg.ch\/wordpress\/wp-json\/wp\/v2\/media?parent=9010"}],"wp:term":[{"taxonomy":"category","embeddable":true,"href":"https:\/\/sac-homberg.ch\/wordpress\/wp-json\/wp\/v2\/categories?post=9010"},{"taxonomy":"post_tag","embeddable":true,"href":"https:\/\/sac-homberg.ch\/wordpress\/wp-json\/wp\/v2\/tags?post=9010"}],"curies":[{"name":"wp","href":"https:\/\/api.w.org\/{rel}","templated":true}]}}