{"id":9018,"date":"2026-02-25T18:00:00","date_gmt":"2026-02-25T17:00:00","guid":{"rendered":"https:\/\/sac-homberg.ch\/wordpress\/?p=9018"},"modified":"2026-02-27T19:47:17","modified_gmt":"2026-02-27T18:47:17","slug":"skitour-hoech-gumme-2204m","status":"publish","type":"post","link":"https:\/\/sac-homberg.ch\/wordpress\/2026\/02\/skitour-hoech-gumme-2204m\/","title":{"rendered":"Skitour H\u00f6ch Gumme 2204m"},"content":{"rendered":"\n<p>vom 25.02.2026<\/p>\n\n\n\n<p>Tourenleiter: R\u00f6bi Knobel<\/p>\n\n\n\n<p>Teilnehmende: Urs Abt, Ruedi Hintermann, Dani Schraner und Carla Schwinnen<\/p>\n\n\n\n<p>Die Skitouren Rossberg\/Simmental mussten wegen Regen, Schnee und Sturm abgesagt werden. Ich habe in Aussicht gestellt, spontan eine eint\u00e4gige Skitour als Ersatz zu organisieren. La voil\u00e0!<\/p>\n\n\n\n<!--more-->\n\n\n\n<p>Mit der 9h Gondel schwebten wir von Lungern zum Ausgangspunkt Turren auf 1560m H\u00f6he. Urs erwartete uns auf der sonnigen Bergterrasse und wir genossen unser Startkaffee draussen unter wolkenlosem Himmel.<\/p>\n\n\n\n<p>Schon bald lockten uns die guten Bedingungen auf unsere Skis. Zuerst auf, vom Ratrac gewalztem Weg, nach Chuematt und von da durch offenes Gel\u00e4nde zum ersten Zn\u00fcnistopp im tief verschneiten Breitenfeld. Nach einer Steilstufe zog es uns weg vom \u00abMainstream\u00bb durch weites offenes Gel\u00e4nde zu einem unbenannten Pass auf 2068m, so ziemlich in der Mitte zwischen den beiden Skitourengipfeln H\u00f6ch Gumme und M\u00e4nnli. Hier, auf diesem aussichtsreichen Grat gabs nochmals eine Trinkpause. Weil der Schnee auf dem Grat verblasen und noch hart gefroren war, montierten wir die Harscheisen. Aussichtsreich gings dann, alles auf dem Grat, eine letzte halbe Stunde auf den von vielen Ski- und Schneeschuhtoureng\u00e4ngern besuchten H\u00f6ch Gumme. Es war fast windstill und angenehm warm, ideal f\u00fcr unsere Mittagsrast. Was f\u00fcr eine Aussicht bot unser \u00abGipfelrestaurant\u00bb! Rundherum ein strahlender Gipfelkranz und ganz eindr\u00fcckliche Tiefblicke, insbesondere hinunter zum Brienzersee.<\/p>\n\n\n\n<p>Die Abfahrt, direkt zum Berggasthaus Sch\u00f6nb\u00fcel war oben noch hart, im unteren etwas mehr der Sonne zugeneigten Teil konnten wir aber gekonnte B\u00f6gen in den Sulzschnee zeichnen. Auf dem Gipfel das Essen, hier in der Beiz Kuchen und Kaffee an der warmen Sonne! Beim Geniessen habe ich sch\u00f6ne frische Spuren entdeckt, die direkt vom Gipfel steil hinunter zur 400 Hm tiefer liegenden \u00ab\u00fcsseren Alp\u00bb f\u00fchrten. Schnell waren alle bereit, f\u00fcr diesen Genuss nochmals etwa 20 Minuten aufzusteigen. Weil der Schnee durch die intensive Sonneneinstrahlung nicht besser wurde, gings zackig bis etwa 50 m unters Gipfelkreuz hoch. Auf einem kleinen B\u00f6deli konnten wir den Hang beurteilen, hier oben ist er etwa 35 Grad steil, der Schnee schon sehr weich und halt immer noch Lawinengefahr erheblich.<\/p>\n\n\n\n<p>Schweren Herzens, aber der Sicherheit zuliebe verzichteten wir auf das \u00abDessert der Extraklasse\u00bb und kurvten, immer die sulzigen Stellen suchend, wieder \u00fcber Sch\u00f6nb\u00fcel und Breitenfeld nach Turren. Bei einem letzten Drink liessen wir, auf der immer noch sonnigen Terrasse, diesen sehr lohnenden Tourentag ausklingen.<\/p>\n\n\n\n<p>Clara, hat mit uns Senioren ihre zweite Skitour gemacht, konditionell und technisch hatte sie absolut keine Probleme. Sie ist eine offene, nette Kollegin und passt bestens zu uns. Wir w\u00fcrden uns freuen, liebe Carla, wenn du unserer Sektion beitrittst und mit uns noch mehr Skitouren machen wirst.<\/p>\n\n\n\n<figure class=\"wp-block-gallery has-nested-images columns-default is-cropped wp-block-gallery-1 is-layout-flex wp-block-gallery-is-layout-flex\">\n<figure class=\"wp-block-image size-large\"><a href=\"https:\/\/i0.wp.com\/sac-homberg.ch\/wordpress\/wp-content\/uploads\/2026\/02\/IMG_4394.jpeg?ssl=1\"><img data-recalc-dims=\"1\" loading=\"lazy\" decoding=\"async\" width=\"604\" height=\"453\" data-id=\"9020\" src=\"https:\/\/i0.wp.com\/sac-homberg.ch\/wordpress\/wp-content\/uploads\/2026\/02\/IMG_4394.jpeg?resize=604%2C453&#038;ssl=1\" alt=\"\" class=\"wp-image-9020\" srcset=\"https:\/\/i0.wp.com\/sac-homberg.ch\/wordpress\/wp-content\/uploads\/2026\/02\/IMG_4394.jpeg?w=1024&amp;ssl=1 1024w, https:\/\/i0.wp.com\/sac-homberg.ch\/wordpress\/wp-content\/uploads\/2026\/02\/IMG_4394.jpeg?resize=300%2C225&amp;ssl=1 300w, https:\/\/i0.wp.com\/sac-homberg.ch\/wordpress\/wp-content\/uploads\/2026\/02\/IMG_4394.jpeg?resize=768%2C576&amp;ssl=1 768w\" sizes=\"auto, (max-width: 604px) 100vw, 604px\" \/><\/a><\/figure>\n\n\n\n<figure class=\"wp-block-image size-large\"><a href=\"https:\/\/i0.wp.com\/sac-homberg.ch\/wordpress\/wp-content\/uploads\/2026\/02\/IMG_4402.jpeg?ssl=1\"><img data-recalc-dims=\"1\" loading=\"lazy\" decoding=\"async\" width=\"604\" height=\"453\" data-id=\"9024\" src=\"https:\/\/i0.wp.com\/sac-homberg.ch\/wordpress\/wp-content\/uploads\/2026\/02\/IMG_4402.jpeg?resize=604%2C453&#038;ssl=1\" alt=\"\" class=\"wp-image-9024\" srcset=\"https:\/\/i0.wp.com\/sac-homberg.ch\/wordpress\/wp-content\/uploads\/2026\/02\/IMG_4402.jpeg?w=1024&amp;ssl=1 1024w, https:\/\/i0.wp.com\/sac-homberg.ch\/wordpress\/wp-content\/uploads\/2026\/02\/IMG_4402.jpeg?resize=300%2C225&amp;ssl=1 300w, https:\/\/i0.wp.com\/sac-homberg.ch\/wordpress\/wp-content\/uploads\/2026\/02\/IMG_4402.jpeg?resize=768%2C576&amp;ssl=1 768w\" sizes=\"auto, (max-width: 604px) 100vw, 604px\" \/><\/a><\/figure>\n\n\n\n<figure class=\"wp-block-image size-large\"><a href=\"https:\/\/i0.wp.com\/sac-homberg.ch\/wordpress\/wp-content\/uploads\/2026\/02\/IMG_4415.jpeg?ssl=1\"><img data-recalc-dims=\"1\" loading=\"lazy\" decoding=\"async\" width=\"576\" height=\"768\" data-id=\"9021\" src=\"https:\/\/i0.wp.com\/sac-homberg.ch\/wordpress\/wp-content\/uploads\/2026\/02\/IMG_4415.jpeg?resize=576%2C768&#038;ssl=1\" alt=\"\" class=\"wp-image-9021\" srcset=\"https:\/\/i0.wp.com\/sac-homberg.ch\/wordpress\/wp-content\/uploads\/2026\/02\/IMG_4415.jpeg?w=576&amp;ssl=1 576w, https:\/\/i0.wp.com\/sac-homberg.ch\/wordpress\/wp-content\/uploads\/2026\/02\/IMG_4415.jpeg?resize=225%2C300&amp;ssl=1 225w\" sizes=\"auto, (max-width: 576px) 100vw, 576px\" \/><\/a><\/figure>\n\n\n\n<figure class=\"wp-block-image size-large\"><a href=\"https:\/\/i0.wp.com\/sac-homberg.ch\/wordpress\/wp-content\/uploads\/2026\/02\/IMG_4423.jpeg?ssl=1\"><img data-recalc-dims=\"1\" loading=\"lazy\" decoding=\"async\" width=\"604\" height=\"453\" data-id=\"9023\" src=\"https:\/\/i0.wp.com\/sac-homberg.ch\/wordpress\/wp-content\/uploads\/2026\/02\/IMG_4423.jpeg?resize=604%2C453&#038;ssl=1\" alt=\"\" class=\"wp-image-9023\" srcset=\"https:\/\/i0.wp.com\/sac-homberg.ch\/wordpress\/wp-content\/uploads\/2026\/02\/IMG_4423.jpeg?w=1024&amp;ssl=1 1024w, https:\/\/i0.wp.com\/sac-homberg.ch\/wordpress\/wp-content\/uploads\/2026\/02\/IMG_4423.jpeg?resize=300%2C225&amp;ssl=1 300w, https:\/\/i0.wp.com\/sac-homberg.ch\/wordpress\/wp-content\/uploads\/2026\/02\/IMG_4423.jpeg?resize=768%2C576&amp;ssl=1 768w\" sizes=\"auto, (max-width: 604px) 100vw, 604px\" \/><\/a><\/figure>\n\n\n\n<figure class=\"wp-block-image size-large\"><a href=\"https:\/\/i0.wp.com\/sac-homberg.ch\/wordpress\/wp-content\/uploads\/2026\/02\/IMG_4427.jpeg?ssl=1\"><img data-recalc-dims=\"1\" loading=\"lazy\" decoding=\"async\" width=\"604\" height=\"453\" data-id=\"9022\" src=\"https:\/\/i0.wp.com\/sac-homberg.ch\/wordpress\/wp-content\/uploads\/2026\/02\/IMG_4427.jpeg?resize=604%2C453&#038;ssl=1\" alt=\"\" class=\"wp-image-9022\" srcset=\"https:\/\/i0.wp.com\/sac-homberg.ch\/wordpress\/wp-content\/uploads\/2026\/02\/IMG_4427.jpeg?w=1024&amp;ssl=1 1024w, https:\/\/i0.wp.com\/sac-homberg.ch\/wordpress\/wp-content\/uploads\/2026\/02\/IMG_4427.jpeg?resize=300%2C225&amp;ssl=1 300w, https:\/\/i0.wp.com\/sac-homberg.ch\/wordpress\/wp-content\/uploads\/2026\/02\/IMG_4427.jpeg?resize=768%2C576&amp;ssl=1 768w\" sizes=\"auto, (max-width: 604px) 100vw, 604px\" \/><\/a><\/figure>\n\n\n\n<figure class=\"wp-block-image size-large\"><a href=\"https:\/\/i0.wp.com\/sac-homberg.ch\/wordpress\/wp-content\/uploads\/2026\/02\/IMG_4437.jpeg?ssl=1\"><img data-recalc-dims=\"1\" loading=\"lazy\" decoding=\"async\" width=\"604\" height=\"453\" data-id=\"9025\" src=\"https:\/\/i0.wp.com\/sac-homberg.ch\/wordpress\/wp-content\/uploads\/2026\/02\/IMG_4437.jpeg?resize=604%2C453&#038;ssl=1\" alt=\"\" class=\"wp-image-9025\" srcset=\"https:\/\/i0.wp.com\/sac-homberg.ch\/wordpress\/wp-content\/uploads\/2026\/02\/IMG_4437.jpeg?w=1024&amp;ssl=1 1024w, https:\/\/i0.wp.com\/sac-homberg.ch\/wordpress\/wp-content\/uploads\/2026\/02\/IMG_4437.jpeg?resize=300%2C225&amp;ssl=1 300w, https:\/\/i0.wp.com\/sac-homberg.ch\/wordpress\/wp-content\/uploads\/2026\/02\/IMG_4437.jpeg?resize=768%2C576&amp;ssl=1 768w\" sizes=\"auto, (max-width: 604px) 100vw, 604px\" \/><\/a><\/figure>\n<\/figure>\n","protected":false},"excerpt":{"rendered":"<p>vom 25.02.2026 Tourenleiter: R\u00f6bi Knobel Teilnehmende: Urs Abt, Ruedi Hintermann, Dani Schraner und Carla Schwinnen Die Skitouren Rossberg\/Simmental mussten wegen Regen, Schnee und Sturm abgesagt werden. Ich habe in Aussicht gestellt, spontan eine eint\u00e4gige Skitour als Ersatz zu organisieren. La voil\u00e0!<\/p>\n","protected":false},"author":2,"featured_media":9025,"comment_status":"open","ping_status":"open","sticky":false,"template":"","format":"standard","meta":{"_monsterinsights_skip_tracking":false,"_monsterinsights_sitenote_active":false,"_monsterinsights_sitenote_note":"","_monsterinsights_sitenote_category":0,"jetpack_post_was_ever_published":false,"_jetpack_newsletter_access":"","_jetpack_dont_email_post_to_subs":false,"_jetpack_newsletter_tier_id":0,"_jetpack_memberships_contains_paywalled_content":false,"_jetpack_memberships_contains_paid_content":false,"footnotes":"","jetpack_publicize_message":"W\u00fcrdiger Ersatz f\u00fcrs Simmental. Skitour auf den H\u00f6ch Gumme.","jetpack_publicize_feature_enabled":true,"jetpack_social_post_already_shared":false,"jetpack_social_options":{"image_generator_settings":{"template":"highway","default_image_id":0,"font":"","enabled":false},"version":2}},"categories":[27,77],"tags":[615,40,488],"class_list":["post-9018","post","type-post","status-publish","format-standard","has-post-thumbnail","hentry","category-tourenberichtsenioren","category-winter","tag-615","tag-skitour","tag-zentralschweiz"],"jetpack_publicize_connections":[],"jetpack_featured_media_url":"https:\/\/i0.wp.com\/sac-homberg.ch\/wordpress\/wp-content\/uploads\/2026\/02\/IMG_4437.jpeg?fit=1024%2C768&ssl=1","jetpack_shortlink":"https:\/\/wp.me\/p772lX-2ls","jetpack_sharing_enabled":true,"_links":{"self":[{"href":"https:\/\/sac-homberg.ch\/wordpress\/wp-json\/wp\/v2\/posts\/9018","targetHints":{"allow":["GET"]}}],"collection":[{"href":"https:\/\/sac-homberg.ch\/wordpress\/wp-json\/wp\/v2\/posts"}],"about":[{"href":"https:\/\/sac-homberg.ch\/wordpress\/wp-json\/wp\/v2\/types\/post"}],"author":[{"embeddable":true,"href":"https:\/\/sac-homberg.ch\/wordpress\/wp-json\/wp\/v2\/users\/2"}],"replies":[{"embeddable":true,"href":"https:\/\/sac-homberg.ch\/wordpress\/wp-json\/wp\/v2\/comments?post=9018"}],"version-history":[{"count":3,"href":"https:\/\/sac-homberg.ch\/wordpress\/wp-json\/wp\/v2\/posts\/9018\/revisions"}],"predecessor-version":[{"id":9027,"href":"https:\/\/sac-homberg.ch\/wordpress\/wp-json\/wp\/v2\/posts\/9018\/revisions\/9027"}],"wp:featuredmedia":[{"embeddable":true,"href":"https:\/\/sac-homberg.ch\/wordpress\/wp-json\/wp\/v2\/media\/9025"}],"wp:attachment":[{"href":"https:\/\/sac-homberg.ch\/wordpress\/wp-json\/wp\/v2\/media?parent=9018"}],"wp:term":[{"taxonomy":"category","embeddable":true,"href":"https:\/\/sac-homberg.ch\/wordpress\/wp-json\/wp\/v2\/categories?post=9018"},{"taxonomy":"post_tag","embeddable":true,"href":"https:\/\/sac-homberg.ch\/wordpress\/wp-json\/wp\/v2\/tags?post=9018"}],"curies":[{"name":"wp","href":"https:\/\/api.w.org\/{rel}","templated":true}]}}