{"id":9028,"date":"2026-02-27T18:00:00","date_gmt":"2026-02-27T17:00:00","guid":{"rendered":"https:\/\/sac-homberg.ch\/wordpress\/?p=9028"},"modified":"2026-03-14T08:49:13","modified_gmt":"2026-03-14T07:49:13","slug":"schneeschuhtage-auf-der-engstligenalp","status":"publish","type":"post","link":"https:\/\/sac-homberg.ch\/wordpress\/2026\/02\/schneeschuhtage-auf-der-engstligenalp\/","title":{"rendered":"Schneeschuhtage auf der Engstligenalp"},"content":{"rendered":"\n<p>vom 24. &#8211; 27. Februar 2026<\/p>\n\n\n\n<p>Tourenleiterin: Ursi Fischer<br \/>Guide: J\u00fcrg Schranz<br \/>Bericht: Rolf Hasler<br \/>Teilnehmende: Bucher Beatrice und Jost; Fischer Thomas und Ursi mit Emma; Hasler Ingrid und Rolf; Hupfer Esther und Urs; Knobel Ingrid und Walter; Moser Sam; Roetheli Markus und Ruth; Truttmann Willi<\/p>\n\n\n\n<p>Dienstag, 24. Februar<br \/><strong>Adelboden \u2013 Boden<\/strong><\/p>\n\n\n\n<p>Gegen elf Uhr dreissig heute,<br \/>trifft ein Dutzend Hombergleute<br \/>in Adelboden sich zum Essen.<br \/>Man hat Zeit, \u2018s gibt nichts zu stressen.<\/p>\n\n\n\n<!--more-->\n\n\n\n<p>Um eins kommt J\u00fcrg, der Tourenleiter,<br \/>sagt uns kurz, wie es nun weiter<br \/>geht: Richtung Engstligen per Pw,<br \/>dort gebe es dann \u00abmeh Schnee\u00bb.<\/p>\n\n\n\n<p>Schon geht\u2019s los, dies ziemlich schnell.<br \/>Vier steh\u2019n verloren vorm Hotel,<br \/>denn alle Autofahrer rannten<br \/>zum Parkhaus, das die Vier nicht kannten.<br \/><\/p>\n\n\n\n<p>Wir fahren eine Viertelstunde.<br \/>Auf geht\u2019s, zur ersten Schneeschuhrunde!<br \/>Die Sonne scheint, und es ist warm.<br \/>Das Tal an Schnee doch etwas arm \u2013<br \/>doch oben die Schneemenge gross:<br \/>Vom Lohner geh\u2019n Lawinen los.<\/p>\n\n\n\n<figure class=\"wp-block-image size-full\"><a href=\"https:\/\/i0.wp.com\/sac-homberg.ch\/wordpress\/wp-content\/uploads\/2026\/03\/IMG_0319.jpeg?ssl=1\"><img data-recalc-dims=\"1\" loading=\"lazy\" decoding=\"async\" width=\"604\" height=\"453\" src=\"https:\/\/i0.wp.com\/sac-homberg.ch\/wordpress\/wp-content\/uploads\/2026\/03\/IMG_0319.jpeg?resize=604%2C453&#038;ssl=1\" alt=\"\" class=\"wp-image-9029\" srcset=\"https:\/\/i0.wp.com\/sac-homberg.ch\/wordpress\/wp-content\/uploads\/2026\/03\/IMG_0319.jpeg?w=1024&amp;ssl=1 1024w, https:\/\/i0.wp.com\/sac-homberg.ch\/wordpress\/wp-content\/uploads\/2026\/03\/IMG_0319.jpeg?resize=300%2C225&amp;ssl=1 300w, https:\/\/i0.wp.com\/sac-homberg.ch\/wordpress\/wp-content\/uploads\/2026\/03\/IMG_0319.jpeg?resize=768%2C576&amp;ssl=1 768w\" sizes=\"auto, (max-width: 604px) 100vw, 604px\" \/><\/a><\/figure>\n\n\n\n<figure class=\"wp-block-image size-full\"><a href=\"https:\/\/i0.wp.com\/sac-homberg.ch\/wordpress\/wp-content\/uploads\/2026\/03\/IMG_0324.jpeg?ssl=1\"><img data-recalc-dims=\"1\" loading=\"lazy\" decoding=\"async\" width=\"604\" height=\"453\" src=\"https:\/\/i0.wp.com\/sac-homberg.ch\/wordpress\/wp-content\/uploads\/2026\/03\/IMG_0324.jpeg?resize=604%2C453&#038;ssl=1\" alt=\"\" class=\"wp-image-9030\" srcset=\"https:\/\/i0.wp.com\/sac-homberg.ch\/wordpress\/wp-content\/uploads\/2026\/03\/IMG_0324.jpeg?w=1024&amp;ssl=1 1024w, https:\/\/i0.wp.com\/sac-homberg.ch\/wordpress\/wp-content\/uploads\/2026\/03\/IMG_0324.jpeg?resize=300%2C225&amp;ssl=1 300w, https:\/\/i0.wp.com\/sac-homberg.ch\/wordpress\/wp-content\/uploads\/2026\/03\/IMG_0324.jpeg?resize=768%2C576&amp;ssl=1 768w\" sizes=\"auto, (max-width: 604px) 100vw, 604px\" \/><\/a><\/figure>\n\n\n\n<p>Zum Schneeschuhlaufen ist es gut:<br \/>Etwas weich, einsinken tut<br \/>indes im feuchten Schnee man nicht.<br \/>\u2018s geht aufw\u00e4rts &#8211; wunderbare Sicht!<\/p>\n\n\n\n<p>Nach zweihundert H\u00f6henmeter<br \/>sind rund eine Stunde sp\u00e4ter<br \/>wir bei einem kleinen Haus.<br \/>J\u00fcrg schenkt Punsch und Gl\u00fchwein aus.<\/p>\n\n\n\n<figure class=\"wp-block-image size-full\"><a href=\"https:\/\/i0.wp.com\/sac-homberg.ch\/wordpress\/wp-content\/uploads\/2026\/03\/IMG_0335.jpeg?ssl=1\"><img data-recalc-dims=\"1\" loading=\"lazy\" decoding=\"async\" width=\"604\" height=\"453\" src=\"https:\/\/i0.wp.com\/sac-homberg.ch\/wordpress\/wp-content\/uploads\/2026\/03\/IMG_0335.jpeg?resize=604%2C453&#038;ssl=1\" alt=\"\" class=\"wp-image-9031\" srcset=\"https:\/\/i0.wp.com\/sac-homberg.ch\/wordpress\/wp-content\/uploads\/2026\/03\/IMG_0335.jpeg?w=1024&amp;ssl=1 1024w, https:\/\/i0.wp.com\/sac-homberg.ch\/wordpress\/wp-content\/uploads\/2026\/03\/IMG_0335.jpeg?resize=300%2C225&amp;ssl=1 300w, https:\/\/i0.wp.com\/sac-homberg.ch\/wordpress\/wp-content\/uploads\/2026\/03\/IMG_0335.jpeg?resize=768%2C576&amp;ssl=1 768w\" sizes=\"auto, (max-width: 604px) 100vw, 604px\" \/><\/a><\/figure>\n\n\n\n<p>Nach der Rast geht es dann munter<br \/>wieder in das Tal hinunter.<br \/>Dort zur Luftseilbahn, und schnell,<br \/>sind wir in unserem Hotel.<\/p>\n\n\n\n<p>Retablieren, Apero,<br \/>gedieg\u2019nes Znacht, und alle froh.<br \/>Der erste Tag ist wohlgetan \u2013<br \/>danke, Ursi, gut dein Plan!<\/p>\n\n\n\n<figure class=\"wp-block-image size-full\"><a href=\"https:\/\/i0.wp.com\/sac-homberg.ch\/wordpress\/wp-content\/uploads\/2026\/03\/IMG_0376.jpeg?ssl=1\"><img data-recalc-dims=\"1\" loading=\"lazy\" decoding=\"async\" width=\"604\" height=\"453\" src=\"https:\/\/i0.wp.com\/sac-homberg.ch\/wordpress\/wp-content\/uploads\/2026\/03\/IMG_0376.jpeg?resize=604%2C453&#038;ssl=1\" alt=\"\" class=\"wp-image-9033\" srcset=\"https:\/\/i0.wp.com\/sac-homberg.ch\/wordpress\/wp-content\/uploads\/2026\/03\/IMG_0376.jpeg?w=1024&amp;ssl=1 1024w, https:\/\/i0.wp.com\/sac-homberg.ch\/wordpress\/wp-content\/uploads\/2026\/03\/IMG_0376.jpeg?resize=300%2C225&amp;ssl=1 300w, https:\/\/i0.wp.com\/sac-homberg.ch\/wordpress\/wp-content\/uploads\/2026\/03\/IMG_0376.jpeg?resize=768%2C576&amp;ssl=1 768w\" sizes=\"auto, (max-width: 604px) 100vw, 604px\" \/><\/a><\/figure>\n\n\n\n<p>Mittwoch, 25. Februar<br \/><strong>Bonderalp<\/strong><\/p>\n\n\n\n<p>Der Himmel heute Morgen: BLAU!<br \/>Dreizehn Hombergler genauSac 3<br \/>fahren mit der Bahn ins Tal.<br \/>Mit zwei Autos bald einmal<br \/>erst talausw\u00e4rts, dann geht\u2019s hoch \u2013<br \/>enge Kurven noch und noch.<\/p>\n\n\n\n<figure class=\"wp-block-image size-full\"><a href=\"https:\/\/i0.wp.com\/sac-homberg.ch\/wordpress\/wp-content\/uploads\/2026\/03\/IMG_0401.jpeg?ssl=1\"><img data-recalc-dims=\"1\" loading=\"lazy\" decoding=\"async\" width=\"604\" height=\"453\" src=\"https:\/\/i0.wp.com\/sac-homberg.ch\/wordpress\/wp-content\/uploads\/2026\/03\/IMG_0401.jpeg?resize=604%2C453&#038;ssl=1\" alt=\"\" class=\"wp-image-9034\" srcset=\"https:\/\/i0.wp.com\/sac-homberg.ch\/wordpress\/wp-content\/uploads\/2026\/03\/IMG_0401.jpeg?w=1024&amp;ssl=1 1024w, https:\/\/i0.wp.com\/sac-homberg.ch\/wordpress\/wp-content\/uploads\/2026\/03\/IMG_0401.jpeg?resize=300%2C225&amp;ssl=1 300w, https:\/\/i0.wp.com\/sac-homberg.ch\/wordpress\/wp-content\/uploads\/2026\/03\/IMG_0401.jpeg?resize=768%2C576&amp;ssl=1 768w\" sizes=\"auto, (max-width: 604px) 100vw, 604px\" \/><\/a><\/figure>\n\n\n\n<p>Dann Strasse zu, und es heisst \u00abHalt\u00bb &#8211;<br \/>Ab hier die Schneeschuh\u2019 angeschnallt.<br \/>Gleich zu Beginn leicht steil hinauf,<br \/>man braucht dazu schon etwas Schnauf.<br \/>Dann sanfter Weg durch einen Wald,<br \/>die Sonne! Hinter Bonderalp.<\/p>\n\n\n\n<figure class=\"wp-block-image size-full\"><a href=\"https:\/\/i0.wp.com\/sac-homberg.ch\/wordpress\/wp-content\/uploads\/2026\/03\/IMG_0406.jpeg?ssl=1\"><img data-recalc-dims=\"1\" loading=\"lazy\" decoding=\"async\" width=\"604\" height=\"665\" src=\"https:\/\/i0.wp.com\/sac-homberg.ch\/wordpress\/wp-content\/uploads\/2026\/03\/IMG_0406.jpeg?resize=604%2C665&#038;ssl=1\" alt=\"\" class=\"wp-image-9035\" srcset=\"https:\/\/i0.wp.com\/sac-homberg.ch\/wordpress\/wp-content\/uploads\/2026\/03\/IMG_0406.jpeg?w=698&amp;ssl=1 698w, https:\/\/i0.wp.com\/sac-homberg.ch\/wordpress\/wp-content\/uploads\/2026\/03\/IMG_0406.jpeg?resize=273%2C300&amp;ssl=1 273w\" sizes=\"auto, (max-width: 604px) 100vw, 604px\" \/><\/a><\/figure>\n\n\n\n<p>Ein kurzer \u00abBergpreis\u00bb &#8211; wir sind oben,<br \/>k\u00f6nnen J\u00fcrgs Punsch und Gl\u00fchwein loben<br \/>und auch w\u00e4hrend dem Einschenken<br \/>an gelb und blaue H\u00fcte denken.<\/p>\n\n\n\n<figure class=\"wp-block-image size-full\"><a href=\"https:\/\/i0.wp.com\/sac-homberg.ch\/wordpress\/wp-content\/uploads\/2026\/03\/IMG_0408.jpeg?ssl=1\"><img data-recalc-dims=\"1\" loading=\"lazy\" decoding=\"async\" width=\"604\" height=\"453\" src=\"https:\/\/i0.wp.com\/sac-homberg.ch\/wordpress\/wp-content\/uploads\/2026\/03\/IMG_0408.jpeg?resize=604%2C453&#038;ssl=1\" alt=\"\" class=\"wp-image-9036\" srcset=\"https:\/\/i0.wp.com\/sac-homberg.ch\/wordpress\/wp-content\/uploads\/2026\/03\/IMG_0408.jpeg?w=1024&amp;ssl=1 1024w, https:\/\/i0.wp.com\/sac-homberg.ch\/wordpress\/wp-content\/uploads\/2026\/03\/IMG_0408.jpeg?resize=300%2C225&amp;ssl=1 300w, https:\/\/i0.wp.com\/sac-homberg.ch\/wordpress\/wp-content\/uploads\/2026\/03\/IMG_0408.jpeg?resize=768%2C576&amp;ssl=1 768w\" sizes=\"auto, (max-width: 604px) 100vw, 604px\" \/><\/a><\/figure>\n\n\n\n<figure class=\"wp-block-image size-full\"><a href=\"https:\/\/i0.wp.com\/sac-homberg.ch\/wordpress\/wp-content\/uploads\/2026\/03\/IMG_0413.jpeg?ssl=1\"><img data-recalc-dims=\"1\" loading=\"lazy\" decoding=\"async\" width=\"604\" height=\"453\" src=\"https:\/\/i0.wp.com\/sac-homberg.ch\/wordpress\/wp-content\/uploads\/2026\/03\/IMG_0413.jpeg?resize=604%2C453&#038;ssl=1\" alt=\"\" class=\"wp-image-9037\" srcset=\"https:\/\/i0.wp.com\/sac-homberg.ch\/wordpress\/wp-content\/uploads\/2026\/03\/IMG_0413.jpeg?w=1024&amp;ssl=1 1024w, https:\/\/i0.wp.com\/sac-homberg.ch\/wordpress\/wp-content\/uploads\/2026\/03\/IMG_0413.jpeg?resize=300%2C225&amp;ssl=1 300w, https:\/\/i0.wp.com\/sac-homberg.ch\/wordpress\/wp-content\/uploads\/2026\/03\/IMG_0413.jpeg?resize=768%2C576&amp;ssl=1 768w\" sizes=\"auto, (max-width: 604px) 100vw, 604px\" \/><\/a><\/figure>\n\n\n\n<p>In leichtem Auf und ab sind bald<br \/>wir auf der Vordern Bonderalp.<br \/>Die H\u00fctte heimelig und alt \u2013<br \/>von feinem Raclette riecht es bald.<br \/>J\u00fcrgs Vater hat es vorbereitet \u2013<br \/>es wird von Tee und Wein begleitet.<\/p>\n\n\n\n<figure class=\"wp-block-image size-full\"><a href=\"https:\/\/i0.wp.com\/sac-homberg.ch\/wordpress\/wp-content\/uploads\/2026\/03\/IMG_0435.jpeg?ssl=1\"><img data-recalc-dims=\"1\" loading=\"lazy\" decoding=\"async\" width=\"604\" height=\"453\" src=\"https:\/\/i0.wp.com\/sac-homberg.ch\/wordpress\/wp-content\/uploads\/2026\/03\/IMG_0435.jpeg?resize=604%2C453&#038;ssl=1\" alt=\"\" class=\"wp-image-9039\" srcset=\"https:\/\/i0.wp.com\/sac-homberg.ch\/wordpress\/wp-content\/uploads\/2026\/03\/IMG_0435.jpeg?w=1024&amp;ssl=1 1024w, https:\/\/i0.wp.com\/sac-homberg.ch\/wordpress\/wp-content\/uploads\/2026\/03\/IMG_0435.jpeg?resize=300%2C225&amp;ssl=1 300w, https:\/\/i0.wp.com\/sac-homberg.ch\/wordpress\/wp-content\/uploads\/2026\/03\/IMG_0435.jpeg?resize=768%2C576&amp;ssl=1 768w\" sizes=\"auto, (max-width: 604px) 100vw, 604px\" \/><\/a><\/figure>\n\n\n\n<p>Auf der Terrasse, welche Wonne,<br \/>geniessen wir die warme Sonne.<br \/>Alsdann geht\u2019s aufger\u00e4umt und munter<br \/>wieder zu den Autos runter.<br \/>Dreihundert Meter auf und ab \u2013<br \/>und kein Senior machte schlapp.<\/p>\n\n\n\n<figure class=\"wp-block-image size-full\"><a href=\"https:\/\/i0.wp.com\/sac-homberg.ch\/wordpress\/wp-content\/uploads\/2026\/03\/IMG_0443.jpeg?ssl=1\"><img data-recalc-dims=\"1\" loading=\"lazy\" decoding=\"async\" width=\"604\" height=\"453\" src=\"https:\/\/i0.wp.com\/sac-homberg.ch\/wordpress\/wp-content\/uploads\/2026\/03\/IMG_0443.jpeg?resize=604%2C453&#038;ssl=1\" alt=\"\" class=\"wp-image-9040\" srcset=\"https:\/\/i0.wp.com\/sac-homberg.ch\/wordpress\/wp-content\/uploads\/2026\/03\/IMG_0443.jpeg?w=1024&amp;ssl=1 1024w, https:\/\/i0.wp.com\/sac-homberg.ch\/wordpress\/wp-content\/uploads\/2026\/03\/IMG_0443.jpeg?resize=300%2C225&amp;ssl=1 300w, https:\/\/i0.wp.com\/sac-homberg.ch\/wordpress\/wp-content\/uploads\/2026\/03\/IMG_0443.jpeg?resize=768%2C576&amp;ssl=1 768w\" sizes=\"auto, (max-width: 604px) 100vw, 604px\" \/><\/a><\/figure>\n\n\n\n<p>Zur\u00fcck zur Seilbahn, zum Hotel.<br \/>Der zweite Tag: Sensationell!<br \/>Thomas \u2013 auf weissen Wanderwegen,<br \/>tat an der Sonne \u2018s Wandern pflegen,<br \/>zog seine Spur ganz unverdrossen \u2013<br \/>auch er hat diesen Tag genossen.<\/p>\n\n\n\n<p>So heisst\u2019s bei Apero und Znacht:<br \/>Das haben wir heut\u2019 gut gemacht!<\/p>\n\n\n\n<p>Donnerstag, 26. Februar<br \/><strong>Engstligenalp<\/strong><\/p>\n\n\n\n<p>Leicht bew\u00f6lkt &#8211; ein Sonnentag,<br \/>wie es ein Schneeschuhl\u00e4ufer mag.<br \/>Halb zehn, und alle sind bereit.<br \/>Vor uns Engstligen \u2013 weiss und weit..<\/p>\n\n\n\n<figure class=\"wp-block-image size-full\"><a href=\"https:\/\/i0.wp.com\/sac-homberg.ch\/wordpress\/wp-content\/uploads\/2026\/03\/IMG_0453.jpeg?ssl=1\"><img data-recalc-dims=\"1\" loading=\"lazy\" decoding=\"async\" width=\"604\" height=\"453\" src=\"https:\/\/i0.wp.com\/sac-homberg.ch\/wordpress\/wp-content\/uploads\/2026\/03\/IMG_0453.jpeg?resize=604%2C453&#038;ssl=1\" alt=\"\" class=\"wp-image-9042\" srcset=\"https:\/\/i0.wp.com\/sac-homberg.ch\/wordpress\/wp-content\/uploads\/2026\/03\/IMG_0453.jpeg?w=1024&amp;ssl=1 1024w, https:\/\/i0.wp.com\/sac-homberg.ch\/wordpress\/wp-content\/uploads\/2026\/03\/IMG_0453.jpeg?resize=300%2C225&amp;ssl=1 300w, https:\/\/i0.wp.com\/sac-homberg.ch\/wordpress\/wp-content\/uploads\/2026\/03\/IMG_0453.jpeg?resize=768%2C576&amp;ssl=1 768w\" sizes=\"auto, (max-width: 604px) 100vw, 604px\" \/><\/a><\/figure>\n\n\n\n<p>Der Start, und schon beginnt\u2019s zu steigen,<br \/>wir k\u00f6nnen unsere Fitness zeigen.<br \/>Auf geht es bis zum R\u00fcebihubel \u2013<br \/>ein toller Blick! Dann weitere \u00abChnubel\u00bb.<\/p>\n\n\n\n<p><em>\u00abDa kommen 14, nicht zu bremsen!\u00bb<\/em><br \/>meldet der Ausguck von den Gemsen,<br \/><em>\u00abein Hund dabei, drum fort! Geschwind!<\/em><br \/><em>bevor wir noch Gemspfeffer sind\u00bb<\/em><\/p>\n\n\n\n<figure class=\"wp-block-image size-full\"><a href=\"https:\/\/i0.wp.com\/sac-homberg.ch\/wordpress\/wp-content\/uploads\/2026\/03\/IMG_0459.jpeg?ssl=1\"><img data-recalc-dims=\"1\" loading=\"lazy\" decoding=\"async\" width=\"604\" height=\"460\" src=\"https:\/\/i0.wp.com\/sac-homberg.ch\/wordpress\/wp-content\/uploads\/2026\/03\/IMG_0459.jpeg?resize=604%2C460&#038;ssl=1\" alt=\"\" class=\"wp-image-9043\" srcset=\"https:\/\/i0.wp.com\/sac-homberg.ch\/wordpress\/wp-content\/uploads\/2026\/03\/IMG_0459.jpeg?w=1008&amp;ssl=1 1008w, https:\/\/i0.wp.com\/sac-homberg.ch\/wordpress\/wp-content\/uploads\/2026\/03\/IMG_0459.jpeg?resize=300%2C229&amp;ssl=1 300w, https:\/\/i0.wp.com\/sac-homberg.ch\/wordpress\/wp-content\/uploads\/2026\/03\/IMG_0459.jpeg?resize=768%2C585&amp;ssl=1 768w\" sizes=\"auto, (max-width: 604px) 100vw, 604px\" \/><\/a><\/figure>\n\n\n\n<figure class=\"wp-block-image size-full\"><a href=\"https:\/\/i0.wp.com\/sac-homberg.ch\/wordpress\/wp-content\/uploads\/2026\/03\/IMG_0458.jpeg?ssl=1\"><img data-recalc-dims=\"1\" loading=\"lazy\" decoding=\"async\" width=\"604\" height=\"395\" src=\"https:\/\/i0.wp.com\/sac-homberg.ch\/wordpress\/wp-content\/uploads\/2026\/03\/IMG_0458.jpeg?resize=604%2C395&#038;ssl=1\" alt=\"\" class=\"wp-image-9044\" srcset=\"https:\/\/i0.wp.com\/sac-homberg.ch\/wordpress\/wp-content\/uploads\/2026\/03\/IMG_0458.jpeg?w=1024&amp;ssl=1 1024w, https:\/\/i0.wp.com\/sac-homberg.ch\/wordpress\/wp-content\/uploads\/2026\/03\/IMG_0458.jpeg?resize=300%2C196&amp;ssl=1 300w, https:\/\/i0.wp.com\/sac-homberg.ch\/wordpress\/wp-content\/uploads\/2026\/03\/IMG_0458.jpeg?resize=768%2C502&amp;ssl=1 768w\" sizes=\"auto, (max-width: 604px) 100vw, 604px\" \/><\/a><\/figure>\n\n\n\n<p>Bis Rossf\u00e4rich ist \u2018s ziemlich flach.<br \/>Unser Ziel: \u00abSchatth\u00fctten-Dach\u00bb.<br \/>Auf dem Dach muss Pause sein,<br \/>wieder mit Punsch und heissem Wein.<br \/>J\u00fcrg l\u00e4sst jeden davon w\u00e4hlen<br \/>(und alle sind am Br\u00f6tchen z\u00e4hlen!)<\/p>\n\n\n\n<figure class=\"wp-block-image size-full\"><a href=\"https:\/\/i0.wp.com\/sac-homberg.ch\/wordpress\/wp-content\/uploads\/2026\/03\/IMG_0474.jpeg?ssl=1\"><img data-recalc-dims=\"1\" loading=\"lazy\" decoding=\"async\" width=\"604\" height=\"453\" src=\"https:\/\/i0.wp.com\/sac-homberg.ch\/wordpress\/wp-content\/uploads\/2026\/03\/IMG_0474.jpeg?resize=604%2C453&#038;ssl=1\" alt=\"\" class=\"wp-image-9045\" srcset=\"https:\/\/i0.wp.com\/sac-homberg.ch\/wordpress\/wp-content\/uploads\/2026\/03\/IMG_0474.jpeg?w=1024&amp;ssl=1 1024w, https:\/\/i0.wp.com\/sac-homberg.ch\/wordpress\/wp-content\/uploads\/2026\/03\/IMG_0474.jpeg?resize=300%2C225&amp;ssl=1 300w, https:\/\/i0.wp.com\/sac-homberg.ch\/wordpress\/wp-content\/uploads\/2026\/03\/IMG_0474.jpeg?resize=768%2C576&amp;ssl=1 768w\" sizes=\"auto, (max-width: 604px) 100vw, 604px\" \/><\/a><\/figure>\n\n\n\n<figure class=\"wp-block-image size-full\"><a href=\"https:\/\/i0.wp.com\/sac-homberg.ch\/wordpress\/wp-content\/uploads\/2026\/03\/IMG_0463.jpeg?ssl=1\"><img data-recalc-dims=\"1\" loading=\"lazy\" decoding=\"async\" width=\"604\" height=\"552\" src=\"https:\/\/i0.wp.com\/sac-homberg.ch\/wordpress\/wp-content\/uploads\/2026\/03\/IMG_0463.jpeg?resize=604%2C552&#038;ssl=1\" alt=\"\" class=\"wp-image-9046\" srcset=\"https:\/\/i0.wp.com\/sac-homberg.ch\/wordpress\/wp-content\/uploads\/2026\/03\/IMG_0463.jpeg?w=841&amp;ssl=1 841w, https:\/\/i0.wp.com\/sac-homberg.ch\/wordpress\/wp-content\/uploads\/2026\/03\/IMG_0463.jpeg?resize=300%2C274&amp;ssl=1 300w, https:\/\/i0.wp.com\/sac-homberg.ch\/wordpress\/wp-content\/uploads\/2026\/03\/IMG_0463.jpeg?resize=768%2C701&amp;ssl=1 768w\" sizes=\"auto, (max-width: 604px) 100vw, 604px\" \/><\/a><\/figure>\n\n\n\n<p>Dann runter von dem H\u00fcttendach.<br \/>Erst steil und danach eher flach.<br \/>Eine H\u00fctte, etwas sp\u00e4ter,<br \/>tief im Schnee, mehr als zwei Meter!<\/p>\n\n\n\n<figure class=\"wp-block-image size-full\"><a href=\"https:\/\/i0.wp.com\/sac-homberg.ch\/wordpress\/wp-content\/uploads\/2026\/03\/IMG_0489.jpeg?ssl=1\"><img data-recalc-dims=\"1\" loading=\"lazy\" decoding=\"async\" width=\"604\" height=\"339\" src=\"https:\/\/i0.wp.com\/sac-homberg.ch\/wordpress\/wp-content\/uploads\/2026\/03\/IMG_0489.jpeg?resize=604%2C339&#038;ssl=1\" alt=\"\" class=\"wp-image-9047\" srcset=\"https:\/\/i0.wp.com\/sac-homberg.ch\/wordpress\/wp-content\/uploads\/2026\/03\/IMG_0489.jpeg?w=1024&amp;ssl=1 1024w, https:\/\/i0.wp.com\/sac-homberg.ch\/wordpress\/wp-content\/uploads\/2026\/03\/IMG_0489.jpeg?resize=300%2C168&amp;ssl=1 300w, https:\/\/i0.wp.com\/sac-homberg.ch\/wordpress\/wp-content\/uploads\/2026\/03\/IMG_0489.jpeg?resize=768%2C431&amp;ssl=1 768w\" sizes=\"auto, (max-width: 604px) 100vw, 604px\" \/><\/a><\/figure>\n\n\n\n<p>Hotelterrasse, allwo wir<br \/>Kaffee trinken oder Bier,<br \/>die Wintersonne wirken lassen,<br \/>ausruhen und zum Teil auch jassen.<\/p>\n\n\n\n<p>Apero, Znacht\u2026\u00a0 wohl gelungen<br \/>der Tag, und w\u00fcrdig ausgeklungen.<\/p>\n\n\n\n<p>Freitag, 27. Februar<br \/><strong>Tschentenalp \u2013 Schwandfeldspitz<\/strong><\/p>\n\n\n\n<p>Wir verlassen diesen Ort \u2013<br \/>Gep\u00e4ck bereit zum Abtransport.<br \/>Wir gondeln mit der Bahn ins Tal,<br \/>Eisf\u00e4lle gr\u00fcssen noch einmal.<\/p>\n\n\n\n<figure class=\"wp-block-image size-full is-resized\"><a href=\"https:\/\/i0.wp.com\/sac-homberg.ch\/wordpress\/wp-content\/uploads\/2026\/03\/IMG_0355-1.jpeg?ssl=1\"><img data-recalc-dims=\"1\" loading=\"lazy\" decoding=\"async\" width=\"576\" height=\"768\" src=\"https:\/\/i0.wp.com\/sac-homberg.ch\/wordpress\/wp-content\/uploads\/2026\/03\/IMG_0355-1.jpeg?resize=576%2C768&#038;ssl=1\" alt=\"\" class=\"wp-image-9049\" style=\"width:576px;height:auto\" srcset=\"https:\/\/i0.wp.com\/sac-homberg.ch\/wordpress\/wp-content\/uploads\/2026\/03\/IMG_0355-1.jpeg?w=576&amp;ssl=1 576w, https:\/\/i0.wp.com\/sac-homberg.ch\/wordpress\/wp-content\/uploads\/2026\/03\/IMG_0355-1.jpeg?resize=225%2C300&amp;ssl=1 225w\" sizes=\"auto, (max-width: 576px) 100vw, 576px\" \/><\/a><\/figure>\n\n\n\n<p>Adelboden, Tschentenbahn,<br \/>Bergstation, Schneeschuhe an!<br \/>Ein Schr\u00e4ghang, Schnee schon etwas tief,<br \/>Ein Mann bewegt sich etwas schief<br \/>(vielleicht, weil St\u00f6cke ohne Teller?<br \/>Die richtigen sind noch im Keller\u2026)<\/p>\n\n\n\n<figure class=\"wp-block-image size-full\"><a href=\"https:\/\/i0.wp.com\/sac-homberg.ch\/wordpress\/wp-content\/uploads\/2026\/03\/IMG_0519.jpeg?ssl=1\"><img data-recalc-dims=\"1\" loading=\"lazy\" decoding=\"async\" width=\"604\" height=\"453\" src=\"https:\/\/i0.wp.com\/sac-homberg.ch\/wordpress\/wp-content\/uploads\/2026\/03\/IMG_0519.jpeg?resize=604%2C453&#038;ssl=1\" alt=\"\" class=\"wp-image-9050\" srcset=\"https:\/\/i0.wp.com\/sac-homberg.ch\/wordpress\/wp-content\/uploads\/2026\/03\/IMG_0519.jpeg?w=1024&amp;ssl=1 1024w, https:\/\/i0.wp.com\/sac-homberg.ch\/wordpress\/wp-content\/uploads\/2026\/03\/IMG_0519.jpeg?resize=300%2C225&amp;ssl=1 300w, https:\/\/i0.wp.com\/sac-homberg.ch\/wordpress\/wp-content\/uploads\/2026\/03\/IMG_0519.jpeg?resize=768%2C576&amp;ssl=1 768w\" sizes=\"auto, (max-width: 604px) 100vw, 604px\" \/><\/a><\/figure>\n\n\n\n<p>Es gilt dann, einen Wald zu queren<br \/>mit Tannen, Arven und mit F\u00f6hren.<br \/>Schon bald wieder im Sonnenschein;<br \/>\u2018s ist steil, man sinkt im Schnee leicht ein.<\/p>\n\n\n\n<figure class=\"wp-block-image size-full\"><a href=\"https:\/\/i0.wp.com\/sac-homberg.ch\/wordpress\/wp-content\/uploads\/2026\/03\/IMG_0526.jpeg?ssl=1\"><img data-recalc-dims=\"1\" loading=\"lazy\" decoding=\"async\" width=\"604\" height=\"453\" src=\"https:\/\/i0.wp.com\/sac-homberg.ch\/wordpress\/wp-content\/uploads\/2026\/03\/IMG_0526.jpeg?resize=604%2C453&#038;ssl=1\" alt=\"\" class=\"wp-image-9051\" srcset=\"https:\/\/i0.wp.com\/sac-homberg.ch\/wordpress\/wp-content\/uploads\/2026\/03\/IMG_0526.jpeg?w=1024&amp;ssl=1 1024w, https:\/\/i0.wp.com\/sac-homberg.ch\/wordpress\/wp-content\/uploads\/2026\/03\/IMG_0526.jpeg?resize=300%2C225&amp;ssl=1 300w, https:\/\/i0.wp.com\/sac-homberg.ch\/wordpress\/wp-content\/uploads\/2026\/03\/IMG_0526.jpeg?resize=768%2C576&amp;ssl=1 768w\" sizes=\"auto, (max-width: 604px) 100vw, 604px\" \/><\/a><\/figure>\n\n\n\n<p>\u2018s geht auf den Schwandfeldspitz hinauf,<br \/>gem\u00fctlich, \u2018s ist kein Dauerlauf.<br \/>Die Aussicht oben: Wundervoll \u2013<br \/>selbst Gleitschirmflieger finden\u2019s toll.<br \/>(Ein B\u00fccherwurm kommt auch ans Ziel,<br \/>das R\u00e4tsel war kein Kinderspiel!)<\/p>\n\n\n\n<p>Ja, fast eine halbe Stunde<br \/>geniessen wir die Gipfelrunde,<br \/>wobei vor allem prominent<br \/>fast jeder den Wildstrubel kennt.<\/p>\n\n\n\n<p>Schliesslich aber ist\u2019s soweit:<br \/>zur Tschentenalp \u2013 Schlusstrunk bereit.<br \/>Sam hat grossz\u00fcgig ihn spendiert,<br \/>\u2018s wird zum Geburtstag gratuliert.<\/p>\n\n\n\n<figure class=\"wp-block-image size-full\"><a href=\"https:\/\/i0.wp.com\/sac-homberg.ch\/wordpress\/wp-content\/uploads\/2026\/03\/IMG_0528.jpeg?ssl=1\"><img data-recalc-dims=\"1\" loading=\"lazy\" decoding=\"async\" width=\"604\" height=\"453\" src=\"https:\/\/i0.wp.com\/sac-homberg.ch\/wordpress\/wp-content\/uploads\/2026\/03\/IMG_0528.jpeg?resize=604%2C453&#038;ssl=1\" alt=\"\" class=\"wp-image-9052\" srcset=\"https:\/\/i0.wp.com\/sac-homberg.ch\/wordpress\/wp-content\/uploads\/2026\/03\/IMG_0528.jpeg?w=1024&amp;ssl=1 1024w, https:\/\/i0.wp.com\/sac-homberg.ch\/wordpress\/wp-content\/uploads\/2026\/03\/IMG_0528.jpeg?resize=300%2C225&amp;ssl=1 300w, https:\/\/i0.wp.com\/sac-homberg.ch\/wordpress\/wp-content\/uploads\/2026\/03\/IMG_0528.jpeg?resize=768%2C576&amp;ssl=1 768w\" sizes=\"auto, (max-width: 604px) 100vw, 604px\" \/><\/a><\/figure>\n\n\n\n<p>Man reicht zum Abschied sich die H\u00e4nde.<br \/>Vier tolle Tage sind zu Ende,<br \/>sie sind &#8211; f\u00fcr niemand eine Frage \u2013<br \/>ein Erfolg, die Schneeschuhtage!<br \/>Danke Ursi \u2013 wunderbar &#8211;<br \/>wir freuen uns auf\u2019s n\u00e4chste Jahr!<\/p>\n\n\n\n<figure class=\"wp-block-image size-full\"><a href=\"https:\/\/i0.wp.com\/sac-homberg.ch\/wordpress\/wp-content\/uploads\/2026\/03\/IMG_0557.jpeg?ssl=1\"><img data-recalc-dims=\"1\" loading=\"lazy\" decoding=\"async\" width=\"604\" height=\"602\" src=\"https:\/\/i0.wp.com\/sac-homberg.ch\/wordpress\/wp-content\/uploads\/2026\/03\/IMG_0557.jpeg?resize=604%2C602&#038;ssl=1\" alt=\"\" class=\"wp-image-9053\" srcset=\"https:\/\/i0.wp.com\/sac-homberg.ch\/wordpress\/wp-content\/uploads\/2026\/03\/IMG_0557.jpeg?w=771&amp;ssl=1 771w, https:\/\/i0.wp.com\/sac-homberg.ch\/wordpress\/wp-content\/uploads\/2026\/03\/IMG_0557.jpeg?resize=300%2C300&amp;ssl=1 300w, https:\/\/i0.wp.com\/sac-homberg.ch\/wordpress\/wp-content\/uploads\/2026\/03\/IMG_0557.jpeg?resize=150%2C150&amp;ssl=1 150w, https:\/\/i0.wp.com\/sac-homberg.ch\/wordpress\/wp-content\/uploads\/2026\/03\/IMG_0557.jpeg?resize=768%2C765&amp;ssl=1 768w\" sizes=\"auto, (max-width: 604px) 100vw, 604px\" \/><\/a><figcaption class=\"wp-element-caption\">Screenshot<\/figcaption><\/figure>\n","protected":false},"excerpt":{"rendered":"<p>vom 24. &#8211; 27. Februar 2026 Tourenleiterin: Ursi FischerGuide: J\u00fcrg SchranzBericht: Rolf HaslerTeilnehmende: Bucher Beatrice und Jost; Fischer Thomas und Ursi mit Emma; Hasler Ingrid und Rolf; Hupfer Esther und Urs; Knobel Ingrid und Walter; Moser Sam; Roetheli Markus und Ruth; Truttmann Willi Dienstag, 24. FebruarAdelboden \u2013 Boden Gegen elf Uhr dreissig heute,trifft ein Dutzend &hellip; <a href=\"https:\/\/sac-homberg.ch\/wordpress\/2026\/02\/schneeschuhtage-auf-der-engstligenalp\/\" class=\"more-link\"><span class=\"screen-reader-text\">Schneeschuhtage auf der Engstligenalp<\/span> weiterlesen <span class=\"meta-nav\">&rarr;<\/span><\/a><\/p>\n","protected":false},"author":2,"featured_media":9053,"comment_status":"open","ping_status":"open","sticky":false,"template":"","format":"standard","meta":{"_monsterinsights_skip_tracking":false,"_monsterinsights_sitenote_active":false,"_monsterinsights_sitenote_note":"","_monsterinsights_sitenote_category":0,"jetpack_post_was_ever_published":false,"_jetpack_newsletter_access":"","_jetpack_dont_email_post_to_subs":false,"_jetpack_newsletter_tier_id":0,"_jetpack_memberships_contains_paywalled_content":false,"_jetpack_memberships_contains_paid_content":false,"footnotes":"","jetpack_publicize_message":"4 wunderbare Schneeschuhtourentage der Senioren im Berner Oberland.","jetpack_publicize_feature_enabled":true,"jetpack_social_post_already_shared":false,"jetpack_social_options":{"image_generator_settings":{"template":"highway","default_image_id":0,"font":"","enabled":false},"version":2}},"categories":[27,77],"tags":[615,126,624],"class_list":["post-9028","post","type-post","status-publish","format-standard","has-post-thumbnail","hentry","category-tourenberichtsenioren","category-winter","tag-615","tag-berner-oberland","tag-schneeschuhour"],"jetpack_publicize_connections":[],"jetpack_featured_media_url":"https:\/\/i0.wp.com\/sac-homberg.ch\/wordpress\/wp-content\/uploads\/2026\/03\/IMG_0557.jpeg?fit=771%2C768&ssl=1","jetpack_shortlink":"https:\/\/wp.me\/p772lX-2lC","jetpack_sharing_enabled":true,"_links":{"self":[{"href":"https:\/\/sac-homberg.ch\/wordpress\/wp-json\/wp\/v2\/posts\/9028","targetHints":{"allow":["GET"]}}],"collection":[{"href":"https:\/\/sac-homberg.ch\/wordpress\/wp-json\/wp\/v2\/posts"}],"about":[{"href":"https:\/\/sac-homberg.ch\/wordpress\/wp-json\/wp\/v2\/types\/post"}],"author":[{"embeddable":true,"href":"https:\/\/sac-homberg.ch\/wordpress\/wp-json\/wp\/v2\/users\/2"}],"replies":[{"embeddable":true,"href":"https:\/\/sac-homberg.ch\/wordpress\/wp-json\/wp\/v2\/comments?post=9028"}],"version-history":[{"count":6,"href":"https:\/\/sac-homberg.ch\/wordpress\/wp-json\/wp\/v2\/posts\/9028\/revisions"}],"predecessor-version":[{"id":9056,"href":"https:\/\/sac-homberg.ch\/wordpress\/wp-json\/wp\/v2\/posts\/9028\/revisions\/9056"}],"wp:featuredmedia":[{"embeddable":true,"href":"https:\/\/sac-homberg.ch\/wordpress\/wp-json\/wp\/v2\/media\/9053"}],"wp:attachment":[{"href":"https:\/\/sac-homberg.ch\/wordpress\/wp-json\/wp\/v2\/media?parent=9028"}],"wp:term":[{"taxonomy":"category","embeddable":true,"href":"https:\/\/sac-homberg.ch\/wordpress\/wp-json\/wp\/v2\/categories?post=9028"},{"taxonomy":"post_tag","embeddable":true,"href":"https:\/\/sac-homberg.ch\/wordpress\/wp-json\/wp\/v2\/tags?post=9028"}],"curies":[{"name":"wp","href":"https:\/\/api.w.org\/{rel}","templated":true}]}}