{"id":9057,"date":"2026-03-06T15:59:27","date_gmt":"2026-03-06T14:59:27","guid":{"rendered":"https:\/\/sac-homberg.ch\/wordpress\/?p=9057"},"modified":"2026-03-06T16:23:02","modified_gmt":"2026-03-06T15:23:02","slug":"fruehlingswanderung-mit-fondue-ins-gschweich","status":"publish","type":"post","link":"https:\/\/sac-homberg.ch\/wordpress\/2026\/03\/fruehlingswanderung-mit-fondue-ins-gschweich\/","title":{"rendered":"Fr\u00fchlingswanderung mit Fondue ins Gschweich"},"content":{"rendered":"\n<p>vom 4. M\u00e4rz 2026<\/p>\n\n\n\n<p>Tourenleitung: Andr\u00e9 Sommerhalder und Therese Haller<\/p>\n\n\n\n<p>Teilnehmende: Bolliger Otto, Bolliger Kurt, Boss Lili, Burger Max, Gacond Marc, Gacond Regula, Graf Richard, Graf Doris, Haller Therese, Hediger K\u00e4thi, Hediger Paul, Knobel Walter, Menini B\u00e4rbel, R\u00f6theli Ruth, Sommerhalder Andr\u00e9, Spengler Margret, Stolz Robert, Stolz Ursula, Suter Hans<\/p>\n\n\n\n<!--more-->\n\n\n\n<p>Besammlung ab 9.00 Uhr im Gasthof L\u00f6wen beim Bahnhof in Gontenschwil zum Startkaffee. Zirka eine Stunde sp\u00e4ter haben sich die Wanderfreudigen auf die Autos aufgeteilt und sich nach Schlierbach zur Rochus Kapelle verschoben.<\/p>\n\n\n\n<p>Von hier aus startet die Wandergruppe bei sch\u00f6nstem Fr\u00fchlingswetter und aussichtsreich Richtung Wellnau. Leicht abfallend kreuzten wir Traktoren mit einem redseligen Fahrer und so hatten wir auch Kontakt mit der ans\u00e4ssigen Landbev\u00f6lkerung. Bald querten wir den Weiler Wellnau und der Weg stieg langsam an Richtung Oberwellnau. Dort wurde ein kleiner Trinkhalt eingeschaltet. Nun kamen wir wieder in den Wald, kreuzten den Ischlag und erreichten die Gschweichstrasse. Jetzt wars nur noch 10 Minuten bis Buffalo.<\/p>\n\n\n\n<p>Hier begr\u00fcssten uns die schon wartenden restlichen Gruppenmitglieder und bald servierte die flotte K\u00fcchenFrauschaft uns 16x Fondue und 3x Rauchw\u00fcrste. Nach dem Essen blieb noch Zeit f\u00fcr einen Kaffee mit kleinem Dessert. Ein grosses Dessert servierte uns dann unser Troubadour Marc Gacond und das sei ihm hiermit herzlich verdankt.<\/p>\n\n\n\n<p>Die Autos warteten nach einem halbst\u00fcndigen Fussmarsch auf uns.<\/p>\n\n\n\n<p>Andr\u00e9<\/p>\n\n\n\n<figure class=\"wp-block-gallery has-nested-images columns-default is-cropped wp-block-gallery-1 is-layout-flex wp-block-gallery-is-layout-flex\">\n<figure class=\"wp-block-image size-large\"><a href=\"https:\/\/i0.wp.com\/sac-homberg.ch\/wordpress\/wp-content\/uploads\/2026\/03\/1a5a17f6-68bb-40c4-836c-88a016805797.jpeg?ssl=1\"><img data-recalc-dims=\"1\" loading=\"lazy\" decoding=\"async\" width=\"604\" height=\"340\" data-id=\"9068\" src=\"https:\/\/i0.wp.com\/sac-homberg.ch\/wordpress\/wp-content\/uploads\/2026\/03\/1a5a17f6-68bb-40c4-836c-88a016805797.jpeg?resize=604%2C340&#038;ssl=1\" alt=\"\" class=\"wp-image-9068\" srcset=\"https:\/\/i0.wp.com\/sac-homberg.ch\/wordpress\/wp-content\/uploads\/2026\/03\/1a5a17f6-68bb-40c4-836c-88a016805797.jpeg?resize=1024%2C576&amp;ssl=1 1024w, https:\/\/i0.wp.com\/sac-homberg.ch\/wordpress\/wp-content\/uploads\/2026\/03\/1a5a17f6-68bb-40c4-836c-88a016805797.jpeg?resize=300%2C169&amp;ssl=1 300w, https:\/\/i0.wp.com\/sac-homberg.ch\/wordpress\/wp-content\/uploads\/2026\/03\/1a5a17f6-68bb-40c4-836c-88a016805797.jpeg?resize=768%2C432&amp;ssl=1 768w, https:\/\/i0.wp.com\/sac-homberg.ch\/wordpress\/wp-content\/uploads\/2026\/03\/1a5a17f6-68bb-40c4-836c-88a016805797.jpeg?w=1365&amp;ssl=1 1365w, https:\/\/i0.wp.com\/sac-homberg.ch\/wordpress\/wp-content\/uploads\/2026\/03\/1a5a17f6-68bb-40c4-836c-88a016805797.jpeg?w=1208&amp;ssl=1 1208w\" sizes=\"auto, (max-width: 604px) 100vw, 604px\" \/><\/a><\/figure>\n\n\n\n<figure class=\"wp-block-image size-large\"><a href=\"https:\/\/i0.wp.com\/sac-homberg.ch\/wordpress\/wp-content\/uploads\/2026\/03\/2fa556eb-2c0c-4b72-954b-e4bb05298467.jpeg?ssl=1\"><img data-recalc-dims=\"1\" loading=\"lazy\" decoding=\"async\" width=\"576\" height=\"1024\" data-id=\"9069\" src=\"https:\/\/i0.wp.com\/sac-homberg.ch\/wordpress\/wp-content\/uploads\/2026\/03\/2fa556eb-2c0c-4b72-954b-e4bb05298467-576x1024.jpeg?resize=576%2C1024&#038;ssl=1\" alt=\"\" class=\"wp-image-9069\" srcset=\"https:\/\/i0.wp.com\/sac-homberg.ch\/wordpress\/wp-content\/uploads\/2026\/03\/2fa556eb-2c0c-4b72-954b-e4bb05298467.jpeg?resize=576%2C1024&amp;ssl=1 576w, https:\/\/i0.wp.com\/sac-homberg.ch\/wordpress\/wp-content\/uploads\/2026\/03\/2fa556eb-2c0c-4b72-954b-e4bb05298467.jpeg?resize=169%2C300&amp;ssl=1 169w, https:\/\/i0.wp.com\/sac-homberg.ch\/wordpress\/wp-content\/uploads\/2026\/03\/2fa556eb-2c0c-4b72-954b-e4bb05298467.jpeg?w=768&amp;ssl=1 768w\" sizes=\"auto, (max-width: 576px) 100vw, 576px\" \/><\/a><\/figure>\n\n\n\n<figure class=\"wp-block-image size-large\"><a href=\"https:\/\/i0.wp.com\/sac-homberg.ch\/wordpress\/wp-content\/uploads\/2026\/03\/f0cc3a5e-4dc2-4b76-a4a9-9bdb7017dd01.jpeg?ssl=1\"><img data-recalc-dims=\"1\" loading=\"lazy\" decoding=\"async\" width=\"576\" height=\"1024\" data-id=\"9070\" src=\"https:\/\/i0.wp.com\/sac-homberg.ch\/wordpress\/wp-content\/uploads\/2026\/03\/f0cc3a5e-4dc2-4b76-a4a9-9bdb7017dd01.jpeg?resize=576%2C1024&#038;ssl=1\" alt=\"\" class=\"wp-image-9070\" srcset=\"https:\/\/i0.wp.com\/sac-homberg.ch\/wordpress\/wp-content\/uploads\/2026\/03\/f0cc3a5e-4dc2-4b76-a4a9-9bdb7017dd01.jpeg?resize=576%2C1024&amp;ssl=1 576w, https:\/\/i0.wp.com\/sac-homberg.ch\/wordpress\/wp-content\/uploads\/2026\/03\/f0cc3a5e-4dc2-4b76-a4a9-9bdb7017dd01.jpeg?resize=169%2C300&amp;ssl=1 169w, https:\/\/i0.wp.com\/sac-homberg.ch\/wordpress\/wp-content\/uploads\/2026\/03\/f0cc3a5e-4dc2-4b76-a4a9-9bdb7017dd01.jpeg?w=768&amp;ssl=1 768w\" sizes=\"auto, (max-width: 576px) 100vw, 576px\" \/><\/a><\/figure>\n\n\n\n<figure class=\"wp-block-image size-large\"><a href=\"https:\/\/i0.wp.com\/sac-homberg.ch\/wordpress\/wp-content\/uploads\/2026\/03\/IMG_1848.jpeg?ssl=1\"><img data-recalc-dims=\"1\" loading=\"lazy\" decoding=\"async\" width=\"604\" height=\"453\" data-id=\"9071\" src=\"https:\/\/i0.wp.com\/sac-homberg.ch\/wordpress\/wp-content\/uploads\/2026\/03\/IMG_1848.jpeg?resize=604%2C453&#038;ssl=1\" alt=\"\" class=\"wp-image-9071\" srcset=\"https:\/\/i0.wp.com\/sac-homberg.ch\/wordpress\/wp-content\/uploads\/2026\/03\/IMG_1848.jpeg?w=1024&amp;ssl=1 1024w, https:\/\/i0.wp.com\/sac-homberg.ch\/wordpress\/wp-content\/uploads\/2026\/03\/IMG_1848.jpeg?resize=300%2C225&amp;ssl=1 300w, https:\/\/i0.wp.com\/sac-homberg.ch\/wordpress\/wp-content\/uploads\/2026\/03\/IMG_1848.jpeg?resize=768%2C576&amp;ssl=1 768w\" sizes=\"auto, (max-width: 604px) 100vw, 604px\" \/><\/a><\/figure>\n\n\n\n<figure class=\"wp-block-image size-large\"><a href=\"https:\/\/i0.wp.com\/sac-homberg.ch\/wordpress\/wp-content\/uploads\/2026\/03\/IMG_1850.jpeg?ssl=1\"><img data-recalc-dims=\"1\" loading=\"lazy\" decoding=\"async\" width=\"604\" height=\"805\" data-id=\"9072\" src=\"https:\/\/i0.wp.com\/sac-homberg.ch\/wordpress\/wp-content\/uploads\/2026\/03\/IMG_1850.jpeg?resize=604%2C805&#038;ssl=1\" alt=\"\" class=\"wp-image-9072\" srcset=\"https:\/\/i0.wp.com\/sac-homberg.ch\/wordpress\/wp-content\/uploads\/2026\/03\/IMG_1850.jpeg?w=768&amp;ssl=1 768w, https:\/\/i0.wp.com\/sac-homberg.ch\/wordpress\/wp-content\/uploads\/2026\/03\/IMG_1850.jpeg?resize=225%2C300&amp;ssl=1 225w\" sizes=\"auto, (max-width: 604px) 100vw, 604px\" \/><\/a><\/figure>\n\n\n\n<figure class=\"wp-block-image size-large\"><a href=\"https:\/\/i0.wp.com\/sac-homberg.ch\/wordpress\/wp-content\/uploads\/2026\/03\/IMG_1853.jpeg?ssl=1\"><img data-recalc-dims=\"1\" loading=\"lazy\" decoding=\"async\" width=\"604\" height=\"805\" data-id=\"9073\" src=\"https:\/\/i0.wp.com\/sac-homberg.ch\/wordpress\/wp-content\/uploads\/2026\/03\/IMG_1853.jpeg?resize=604%2C805&#038;ssl=1\" alt=\"\" class=\"wp-image-9073\" srcset=\"https:\/\/i0.wp.com\/sac-homberg.ch\/wordpress\/wp-content\/uploads\/2026\/03\/IMG_1853.jpeg?w=768&amp;ssl=1 768w, https:\/\/i0.wp.com\/sac-homberg.ch\/wordpress\/wp-content\/uploads\/2026\/03\/IMG_1853.jpeg?resize=225%2C300&amp;ssl=1 225w\" sizes=\"auto, (max-width: 604px) 100vw, 604px\" \/><\/a><\/figure>\n<\/figure>\n","protected":false},"excerpt":{"rendered":"<p>vom 4. M\u00e4rz 2026 Tourenleitung: Andr\u00e9 Sommerhalder und Therese Haller Teilnehmende: Bolliger Otto, Bolliger Kurt, Boss Lili, Burger Max, Gacond Marc, Gacond Regula, Graf Richard, Graf Doris, Haller Therese, Hediger K\u00e4thi, Hediger Paul, Knobel Walter, Menini B\u00e4rbel, R\u00f6theli Ruth, Sommerhalder Andr\u00e9, Spengler Margret, Stolz Robert, Stolz Ursula, Suter Hans<\/p>\n","protected":false},"author":1,"featured_media":9068,"comment_status":"open","ping_status":"open","sticky":false,"template":"","format":"standard","meta":{"_monsterinsights_skip_tracking":false,"_monsterinsights_sitenote_active":false,"_monsterinsights_sitenote_note":"","_monsterinsights_sitenote_category":0,"jetpack_post_was_ever_published":false,"_jetpack_newsletter_access":"","_jetpack_dont_email_post_to_subs":false,"_jetpack_newsletter_tier_id":0,"_jetpack_memberships_contains_paywalled_content":false,"_jetpack_memberships_contains_paid_content":false,"footnotes":"","jetpack_publicize_message":"","jetpack_publicize_feature_enabled":true,"jetpack_social_post_already_shared":true,"jetpack_social_options":{"image_generator_settings":{"template":"highway","default_image_id":0,"font":"","enabled":false},"version":2}},"categories":[78,27],"tags":[615,31,157,623],"class_list":["post-9057","post","type-post","status-publish","format-standard","has-post-thumbnail","hentry","category-fruehling","category-tourenberichtsenioren","tag-615","tag-fondue","tag-fruehlingswanderung","tag-gschweich"],"jetpack_publicize_connections":[],"jetpack_featured_media_url":"https:\/\/i0.wp.com\/sac-homberg.ch\/wordpress\/wp-content\/uploads\/2026\/03\/1a5a17f6-68bb-40c4-836c-88a016805797.jpeg?fit=1365%2C768&ssl=1","jetpack_shortlink":"https:\/\/wp.me\/p772lX-2m5","jetpack_sharing_enabled":true,"_links":{"self":[{"href":"https:\/\/sac-homberg.ch\/wordpress\/wp-json\/wp\/v2\/posts\/9057","targetHints":{"allow":["GET"]}}],"collection":[{"href":"https:\/\/sac-homberg.ch\/wordpress\/wp-json\/wp\/v2\/posts"}],"about":[{"href":"https:\/\/sac-homberg.ch\/wordpress\/wp-json\/wp\/v2\/types\/post"}],"author":[{"embeddable":true,"href":"https:\/\/sac-homberg.ch\/wordpress\/wp-json\/wp\/v2\/users\/1"}],"replies":[{"embeddable":true,"href":"https:\/\/sac-homberg.ch\/wordpress\/wp-json\/wp\/v2\/comments?post=9057"}],"version-history":[{"count":2,"href":"https:\/\/sac-homberg.ch\/wordpress\/wp-json\/wp\/v2\/posts\/9057\/revisions"}],"predecessor-version":[{"id":9074,"href":"https:\/\/sac-homberg.ch\/wordpress\/wp-json\/wp\/v2\/posts\/9057\/revisions\/9074"}],"wp:featuredmedia":[{"embeddable":true,"href":"https:\/\/sac-homberg.ch\/wordpress\/wp-json\/wp\/v2\/media\/9068"}],"wp:attachment":[{"href":"https:\/\/sac-homberg.ch\/wordpress\/wp-json\/wp\/v2\/media?parent=9057"}],"wp:term":[{"taxonomy":"category","embeddable":true,"href":"https:\/\/sac-homberg.ch\/wordpress\/wp-json\/wp\/v2\/categories?post=9057"},{"taxonomy":"post_tag","embeddable":true,"href":"https:\/\/sac-homberg.ch\/wordpress\/wp-json\/wp\/v2\/tags?post=9057"}],"curies":[{"name":"wp","href":"https:\/\/api.w.org\/{rel}","templated":true}]}}