{"id":9469,"date":"2026-08-30T17:40:06","date_gmt":"2026-08-30T15:40:06","guid":{"rendered":"https:\/\/sac-homberg.ch\/wordpress\/?p=9469"},"modified":"2026-08-30T17:40:07","modified_gmt":"2026-08-30T15:40:07","slug":"vom-waegitalersee-ins-glanerland","status":"publish","type":"post","link":"https:\/\/sac-homberg.ch\/wordpress\/2026\/08\/vom-waegitalersee-ins-glanerland\/","title":{"rendered":"Vom W\u00e4gitalersee ins Glanerland"},"content":{"rendered":"\n<p class=\"wp-block-paragraph\">Datum: Dienstag 25. August 2026<br \/>An- und Heimreise: mit \u00d6V<br \/>Anzahl Teilnehmer: 4<br \/>Treffpunkt: Bahnhof Sieben-Wangen<br \/>Ziel der Tour: Oberurnen im Glarnerland<\/p>\n\n\n\n<p class=\"wp-block-paragraph\">Teilnehmer: Magda Huber, Roland Sommerhalder, Marta und Theo Bachmann<\/p>\n\n\n\n<p class=\"wp-block-paragraph\">F\u00fcr die Tour hatten sich f\u00fcnf Mitglieder angemeldet, aber Sylvia Eichenberger ist wegen einer Zugst\u00f6rung in Lenzburg gestrandet. Da waren es nur noch vier die im \u201eSch\u00e4rme\u201c beim Bahnhof Siebnen aufs Postauto warten. In Innerthal regnet es immer noch, nicht stark aber die Regenausr\u00fcstung braucht es trotzdem. Jetzt schon aufgeben? Die Entscheidung, ob aufgeben wird auf sp\u00e4ter verschoben. Wir machen gut H\u00f6he und erreichen nach etwas mehr als einer Stunde die Schwarzenegg. Es regnet immer noch leicht, aber Umkehren ist immer noch kein Thema. Unter den Bockmattli-Felsen durch, kommen wir schon bald zur Scheidegg, der \u00dcbergang ins Glarnerland. Nach einer kurzen Rast, die Regenausr\u00fcstung im Rucksack verstaut, weil der Regen aufgeh\u00f6rt hat, ist allen klar, dass wir nicht mehr umkehren. Der Aufstieg zum h\u00f6chsten Punkt der Wanderung, D\u00fcrrenb\u00fcchel, liegt bald hinter uns. Die vielen Silberdisteln, die wir hier sehen sind leider zu, denen ist es immer noch zu nass. Weiter geht es, dem anderen Kletterfelsen, dem Br\u00fcggler entlang. Kurz vor der Lochegg wird es langsam Zeit f\u00fcr die Mittagsrast.<br \/>Nach der Lochegg geht es mit uns nur noch bergab , zuerst auf steinigem, noch nicht steilem Weg. Mit wundersch\u00f6nem Ausblick auf Walensee und das Bergpanorama l\u00e4sst uns das Regenwetter vom Morgen vergessen. Wie der Weg steiler wird, sind wir froh um die Wanderst\u00f6cke, die unsere Oberschenkel wenigstens ein bisschen entlasten. Mit ziemlich schlottrigen Beinen erreichen wir nach der etwa sieben st\u00fcndigen Tour Oberurnen. Den sauren Most in der Wirtschaft haben wir uns verdient.<\/p>\n\n\n\n<p class=\"wp-block-paragraph\">Tourenleiter: Theo Bachmann PS: Dieser Bericht ist weder KI generiert noch gepr\u00fcft, darum: wer einen Fehler findet, darf in behalten.<\/p>\n\n\n\n<figure class=\"wp-block-gallery has-nested-images columns-default is-cropped wp-block-gallery-1 is-layout-flex wp-block-gallery-is-layout-flex\">\n<figure class=\"wp-block-image size-full\"><a href=\"https:\/\/i0.wp.com\/sac-homberg.ch\/wordpress\/wp-content\/uploads\/2026\/08\/bild1-rotated-1.jpg?ssl=1\"><img data-recalc-dims=\"1\" loading=\"lazy\" decoding=\"async\" width=\"604\" height=\"815\" data-id=\"9473\" src=\"https:\/\/i0.wp.com\/sac-homberg.ch\/wordpress\/wp-content\/uploads\/2026\/08\/bild1-rotated-1.jpg?resize=604%2C815&#038;ssl=1\" alt=\"\" class=\"wp-image-9473\" srcset=\"https:\/\/i0.wp.com\/sac-homberg.ch\/wordpress\/wp-content\/uploads\/2026\/08\/bild1-rotated-1.jpg?w=759&amp;ssl=1 759w, https:\/\/i0.wp.com\/sac-homberg.ch\/wordpress\/wp-content\/uploads\/2026\/08\/bild1-rotated-1.jpg?w=222&amp;ssl=1 222w, https:\/\/i0.wp.com\/sac-homberg.ch\/wordpress\/wp-content\/uploads\/2026\/08\/bild1-rotated-1.jpg?w=422&amp;ssl=1 422w\" sizes=\"auto, (max-width: 604px) 100vw, 604px\" \/><\/a><figcaption class=\"wp-element-caption\">{&#8222;capture_mode&#8220;:&#8220;AutoModule&#8220;,&#8220;faces&#8220;:[]}<\/figcaption><\/figure>\n\n\n\n<figure class=\"wp-block-image size-full\"><a href=\"https:\/\/i0.wp.com\/sac-homberg.ch\/wordpress\/wp-content\/uploads\/2026\/08\/bild2.jpg?ssl=1\"><img data-recalc-dims=\"1\" loading=\"lazy\" decoding=\"async\" width=\"604\" height=\"604\" data-id=\"9470\" src=\"https:\/\/i0.wp.com\/sac-homberg.ch\/wordpress\/wp-content\/uploads\/2026\/08\/bild2.jpg?resize=604%2C604&#038;ssl=1\" alt=\"\" class=\"wp-image-9470\" srcset=\"https:\/\/i0.wp.com\/sac-homberg.ch\/wordpress\/wp-content\/uploads\/2026\/08\/bild2.jpg?w=1024&amp;ssl=1 1024w, https:\/\/i0.wp.com\/sac-homberg.ch\/wordpress\/wp-content\/uploads\/2026\/08\/bild2.jpg?resize=150%2C150&amp;ssl=1 150w, https:\/\/i0.wp.com\/sac-homberg.ch\/wordpress\/wp-content\/uploads\/2026\/08\/bild2.jpg?resize=300%2C300&amp;ssl=1 300w, https:\/\/i0.wp.com\/sac-homberg.ch\/wordpress\/wp-content\/uploads\/2026\/08\/bild2.jpg?resize=768%2C768&amp;ssl=1 768w\" sizes=\"auto, (max-width: 604px) 100vw, 604px\" \/><\/a><\/figure>\n\n\n\n<figure class=\"wp-block-image size-full\"><a href=\"https:\/\/i0.wp.com\/sac-homberg.ch\/wordpress\/wp-content\/uploads\/2026\/08\/bild3.jpg?ssl=1\"><img data-recalc-dims=\"1\" loading=\"lazy\" decoding=\"async\" width=\"604\" height=\"453\" data-id=\"9471\" src=\"https:\/\/i0.wp.com\/sac-homberg.ch\/wordpress\/wp-content\/uploads\/2026\/08\/bild3.jpg?resize=604%2C453&#038;ssl=1\" alt=\"\" class=\"wp-image-9471\" srcset=\"https:\/\/i0.wp.com\/sac-homberg.ch\/wordpress\/wp-content\/uploads\/2026\/08\/bild3.jpg?w=1024&amp;ssl=1 1024w, https:\/\/i0.wp.com\/sac-homberg.ch\/wordpress\/wp-content\/uploads\/2026\/08\/bild3.jpg?resize=768%2C576&amp;ssl=1 768w, https:\/\/i0.wp.com\/sac-homberg.ch\/wordpress\/wp-content\/uploads\/2026\/08\/bild3.jpg?resize=300%2C225&amp;ssl=1 300w\" sizes=\"auto, (max-width: 604px) 100vw, 604px\" \/><\/a><\/figure>\n\n\n\n<figure class=\"wp-block-image size-full\"><a href=\"https:\/\/i0.wp.com\/sac-homberg.ch\/wordpress\/wp-content\/uploads\/2026\/08\/bild4-rotated-1.jpg?ssl=1\"><img data-recalc-dims=\"1\" loading=\"lazy\" decoding=\"async\" width=\"604\" height=\"815\" data-id=\"9474\" src=\"https:\/\/i0.wp.com\/sac-homberg.ch\/wordpress\/wp-content\/uploads\/2026\/08\/bild4-rotated-1.jpg?resize=604%2C815&#038;ssl=1\" alt=\"\" class=\"wp-image-9474\" srcset=\"https:\/\/i0.wp.com\/sac-homberg.ch\/wordpress\/wp-content\/uploads\/2026\/08\/bild4-rotated-1.jpg?w=759&amp;ssl=1 759w, https:\/\/i0.wp.com\/sac-homberg.ch\/wordpress\/wp-content\/uploads\/2026\/08\/bild4-rotated-1.jpg?w=222&amp;ssl=1 222w, https:\/\/i0.wp.com\/sac-homberg.ch\/wordpress\/wp-content\/uploads\/2026\/08\/bild4-rotated-1.jpg?w=422&amp;ssl=1 422w\" sizes=\"auto, (max-width: 604px) 100vw, 604px\" \/><\/a><figcaption class=\"wp-element-caption\">{&#8222;capture_mode&#8220;:&#8220;AutoModule&#8220;,&#8220;faces&#8220;:[]}<\/figcaption><\/figure>\n\n\n\n<figure class=\"wp-block-image size-full\"><a href=\"https:\/\/i0.wp.com\/sac-homberg.ch\/wordpress\/wp-content\/uploads\/2026\/08\/bild5-rotated-1.jpg?ssl=1\"><img data-recalc-dims=\"1\" loading=\"lazy\" decoding=\"async\" width=\"604\" height=\"448\" data-id=\"9472\" src=\"https:\/\/i0.wp.com\/sac-homberg.ch\/wordpress\/wp-content\/uploads\/2026\/08\/bild5-rotated-1.jpg?resize=604%2C448&#038;ssl=1\" alt=\"\" class=\"wp-image-9472\" srcset=\"https:\/\/i0.wp.com\/sac-homberg.ch\/wordpress\/wp-content\/uploads\/2026\/08\/bild5-rotated-1.jpg?w=1024&amp;ssl=1 1024w, https:\/\/i0.wp.com\/sac-homberg.ch\/wordpress\/wp-content\/uploads\/2026\/08\/bild5-rotated-1.jpg?w=300&amp;ssl=1 300w, https:\/\/i0.wp.com\/sac-homberg.ch\/wordpress\/wp-content\/uploads\/2026\/08\/bild5-rotated-1.jpg?w=768&amp;ssl=1 768w\" sizes=\"auto, (max-width: 604px) 100vw, 604px\" \/><\/a><figcaption class=\"wp-element-caption\">{&#8222;capture_mode&#8220;:&#8220;AutoModule&#8220;,&#8220;faces&#8220;:[]}<\/figcaption><\/figure>\n<\/figure>\n","protected":false},"excerpt":{"rendered":"<p>Datum: Dienstag 25. August 2026An- und Heimreise: mit \u00d6VAnzahl Teilnehmer: 4Treffpunkt: Bahnhof Sieben-WangenZiel der Tour: Oberurnen im Glarnerland Teilnehmer: Magda Huber, Roland Sommerhalder, Marta und Theo Bachmann F\u00fcr die Tour hatten sich f\u00fcnf Mitglieder angemeldet, aber Sylvia Eichenberger ist wegen einer Zugst\u00f6rung in Lenzburg gestrandet. Da waren es nur noch vier die im \u201eSch\u00e4rme\u201c beim &hellip; <a href=\"https:\/\/sac-homberg.ch\/wordpress\/2026\/08\/vom-waegitalersee-ins-glanerland\/\" class=\"more-link\"><span class=\"screen-reader-text\">Vom W\u00e4gitalersee ins Glanerland<\/span> weiterlesen <span class=\"meta-nav\">&rarr;<\/span><\/a><\/p>\n","protected":false},"author":1,"featured_media":9471,"comment_status":"open","ping_status":"open","sticky":false,"template":"","format":"standard","meta":{"_monsterinsights_skip_tracking":false,"_jetpack_newsletter_access":"","_jetpack_dont_email_post_to_subs":false,"_jetpack_newsletter_tier_id":0,"_jetpack_memberships_contains_paywalled_content":false,"_jetpack_feature_clip_id":0,"_jetpack_memberships_contains_paid_content":false,"footnotes":"","jetpack_publicize_message":"","jetpack_publicize_feature_enabled":true,"jetpack_social_post_already_shared":true,"jetpack_social_options":{"image_generator_settings":{"template":"highway","default_image_id":0,"font":"","enabled":false},"version":2},"jetpack_post_was_ever_published":false},"categories":[79,27],"tags":[615,349,24],"class_list":["post-9469","post","type-post","status-publish","format-standard","has-post-thumbnail","hentry","category-sommer","category-tourenberichtsenioren","tag-615","tag-waegital","tag-wandern"],"jetpack_publicize_connections":[],"jetpack_shortlink":"https:\/\/wp.me\/p772lX-2sJ","jetpack_sharing_enabled":true,"jetpack_featured_media_url":"https:\/\/i0.wp.com\/sac-homberg.ch\/wordpress\/wp-content\/uploads\/2026\/08\/bild3.jpg?fit=1024%2C768&ssl=1","_links":{"self":[{"href":"https:\/\/sac-homberg.ch\/wordpress\/wp-json\/wp\/v2\/posts\/9469","targetHints":{"allow":["GET"]}}],"collection":[{"href":"https:\/\/sac-homberg.ch\/wordpress\/wp-json\/wp\/v2\/posts"}],"about":[{"href":"https:\/\/sac-homberg.ch\/wordpress\/wp-json\/wp\/v2\/types\/post"}],"author":[{"embeddable":true,"href":"https:\/\/sac-homberg.ch\/wordpress\/wp-json\/wp\/v2\/users\/1"}],"replies":[{"embeddable":true,"href":"https:\/\/sac-homberg.ch\/wordpress\/wp-json\/wp\/v2\/comments?post=9469"}],"version-history":[{"count":1,"href":"https:\/\/sac-homberg.ch\/wordpress\/wp-json\/wp\/v2\/posts\/9469\/revisions"}],"predecessor-version":[{"id":9475,"href":"https:\/\/sac-homberg.ch\/wordpress\/wp-json\/wp\/v2\/posts\/9469\/revisions\/9475"}],"wp:featuredmedia":[{"embeddable":true,"href":"https:\/\/sac-homberg.ch\/wordpress\/wp-json\/wp\/v2\/media\/9471"}],"wp:attachment":[{"href":"https:\/\/sac-homberg.ch\/wordpress\/wp-json\/wp\/v2\/media?parent=9469"}],"wp:term":[{"taxonomy":"category","embeddable":true,"href":"https:\/\/sac-homberg.ch\/wordpress\/wp-json\/wp\/v2\/categories?post=9469"},{"taxonomy":"post_tag","embeddable":true,"href":"https:\/\/sac-homberg.ch\/wordpress\/wp-json\/wp\/v2\/tags?post=9469"}],"curies":[{"name":"wp","href":"https:\/\/api.w.org\/{rel}","templated":true}]}}